{"id":3004,"date":"2024-06-21T10:50:08","date_gmt":"2024-06-21T13:50:08","guid":{"rendered":"https:\/\/partediario.com.ar\/?p=3004"},"modified":"2024-06-21T10:50:10","modified_gmt":"2024-06-21T13:50:10","slug":"habra-jornadas-de-vacunacion-promocion-y-prevencion-en-postas-sanitarias-en-gualeguaychu-y-pueblo-belgrano","status":"publish","type":"post","link":"https:\/\/partediario.com.ar\/?p=3004","title":{"rendered":"Habr\u00e1 jornadas de vacunaci\u00f3n, promoci\u00f3n y prevenci\u00f3n en postas sanitarias en Gualeguaych\u00fa y Pueblo Belgrano"},"content":{"rendered":"\n<p><strong>Durante este fin de semana largo, se desarrollar\u00e1n una serie de jornadas de vacunaci\u00f3n, promoci\u00f3n, prevenci\u00f3n nutricional y de enfermedades de transmisi\u00f3n sexual coordinado por la subsecretar\u00eda de Salud municipal.<\/strong><\/p>\n\n\n\n<p>A trav\u00e9s de la subsecretar\u00eda de Salud municipal, dependiente de la secretar\u00eda de Capital Humano, se llevar\u00e1 a cabo una serie de jornadas de vacunaci\u00f3n, promoci\u00f3n y prevenci\u00f3n nutricional y de enfermedades de transmisi\u00f3n sexual (ETS). Estas actividades se realizar\u00e1n en diferentes puntos de la ciudad del sur entrerriano, con el objetivo de brindar a la comunidad acceso a servicios esenciales de salud y fomentar h\u00e1bitos de vida saludable.<\/p>\n\n\n\n<p><strong>Calendario de Postas Sanitarias:<\/strong><\/p>\n\n\n\n<p>Jueves 20 de junio:<\/p>\n\n\n\n<p>Ubicaci\u00f3n: Pueblo Belgrano<\/p>\n\n\n\n<p><strong>Actividades: Vacunaci\u00f3n y asesoramiento nutricional y prevenci\u00f3n de ETS.<\/strong><\/p>\n\n\n\n<p>S\u00e1bado 22 de junio:<\/p>\n\n\n\n<p>Ubicaci\u00f3n: Plaza San Mart\u00edn<\/p>\n\n\n\n<p><strong>Actividades: Vacunaci\u00f3n, asesoramiento nutricional y prevenci\u00f3n de ETS.<\/strong><\/p>\n\n\n\n<p>Domingo 23 de junio:<\/p>\n\n\n\n<p>Ubicaci\u00f3n: Costanera<\/p>\n\n\n\n<p><strong>Actividades: Vacunaci\u00f3n, asesoramiento nutricional y prevenci\u00f3n de ETS.<\/strong><\/p>\n\n\n\n<p><strong>Vacunaci\u00f3n antigripal y neumococo: en el marco de la campa\u00f1a de cuidados frente al invierno la vacunaci\u00f3n est\u00e1 destinada a:<\/strong><\/p>\n\n\n\n<p>\u25cf Embarazadas<\/p>\n\n\n\n<p>\u25cf Pu\u00e9rperas: hasta el egreso de la maternidad si no recibieron dosis durante el embarazo. \u2013m\u00e1ximo 10 d\u00edas.<\/p>\n\n\n\n<p>\u25cf Personas de 65 a\u00f1os y mayores (CON OBRA SOCIAL O SIN OBRA SOCIAL) que se vean imposibilitados de trasladarse a los establecimientos de salud. Agendar vacunatorio m\u00f3vil acerc\u00e1ndose al Caps. m\u00e1s cercano.<\/p>\n\n\n\n<p>\u25cf Ni\u00f1os de 6 a 24 meses de edad (Aplicaci\u00f3n de dos dosis, si no recibi\u00f3 dos dosis anteriormente).<\/p>\n\n\n\n<p><strong>Promoci\u00f3n y Prevenci\u00f3n Nutricional:<\/strong><\/p>\n\n\n\n<p>Entrega de material informativo sobre alimentaci\u00f3n saludable.<\/p>\n\n\n\n<p>Evaluaci\u00f3n nutricional gratuita.<\/p>\n\n\n\n<p><strong>Prevenci\u00f3n de Enfermedades de Transmisi\u00f3n Sexual (ETS):<\/strong><\/p>\n\n\n\n<p>Distribuci\u00f3n gratuita de preservativos.<\/p>\n\n\n\n<p>Asesoramiento y derivaciones a centros de salud para pruebas de ETS.<\/p>\n\n\n\n<p>El objetivo principal de estas jornadas es acercar los servicios de salud a la comunidad, promover la prevenci\u00f3n de enfermedades y mejorar la calidad de vida de los habitantes de Gualeguaych\u00fa. Estas actividades est\u00e1n dise\u00f1adas para crear conciencia sobre la importancia de la vacunaci\u00f3n, una alimentaci\u00f3n balanceada y la prevenci\u00f3n de ETS, ofreciendo a los ciudadanos herramientas y recursos para cuidar de su salud de manera integral.<\/p>\n\n\n\n<p>Invitamos a todos los vecinos de Gualeguaych\u00fa y turistas a acercarse a estos puestos sanitarios. La salud es un derecho de todos, y desde la Municipalidad de Gualeguaych\u00fa estamos comprometidos en garantizar el acceso a servicios de salud de calidad para cada uno de nuestros ciudadanos.<\/p>\n","protected":false},"excerpt":{"rendered":"<p>Durante este fin de semana largo, se desarrollar&aacute;n una serie de jornadas de vacunaci&oacute;n, promoci&oacute;n, prevenci&oacute;n nutricional y de enfermedades de transmisi&oacute;n sexual coordinado por la subsecretar&iacute;a de Salud municipal. A trav&eacute;s de la subsecretar&iacute;a de Salud municipal, dependiente de la secretar&iacute;a de Capital Humano, se llevar&aacute; a cabo una serie de jornadas de vacunaci&oacute;n, [&hellip;]<\/p>\n","protected":false},"author":2,"featured_media":3005,"comment_status":"open","ping_status":"open","sticky":false,"template":"","format":"standard","meta":{"footnotes":""},"categories":[8],"tags":[257,203,735,306],"class_list":["post-3004","post","type-post","status-publish","format-standard","has-post-thumbnail","hentry","category-provinciales","tag-entre-rios","tag-gualeguaychu","tag-postas-sanitarias","tag-salud"],"_links":{"self":[{"href":"https:\/\/partediario.com.ar\/index.php?rest_route=\/wp\/v2\/posts\/3004","targetHints":{"allow":["GET"]}}],"collection":[{"href":"https:\/\/partediario.com.ar\/index.php?rest_route=\/wp\/v2\/posts"}],"about":[{"href":"https:\/\/partediario.com.ar\/index.php?rest_route=\/wp\/v2\/types\/post"}],"author":[{"embeddable":true,"href":"https:\/\/partediario.com.ar\/index.php?rest_route=\/wp\/v2\/users\/2"}],"replies":[{"embeddable":true,"href":"https:\/\/partediario.com.ar\/index.php?rest_route=%2Fwp%2Fv2%2Fcomments&post=3004"}],"version-history":[{"count":1,"href":"https:\/\/partediario.com.ar\/index.php?rest_route=\/wp\/v2\/posts\/3004\/revisions"}],"predecessor-version":[{"id":3006,"href":"https:\/\/partediario.com.ar\/index.php?rest_route=\/wp\/v2\/posts\/3004\/revisions\/3006"}],"wp:featuredmedia":[{"embeddable":true,"href":"https:\/\/partediario.com.ar\/index.php?rest_route=\/wp\/v2\/media\/3005"}],"wp:attachment":[{"href":"https:\/\/partediario.com.ar\/index.php?rest_route=%2Fwp%2Fv2%2Fmedia&parent=3004"}],"wp:term":[{"taxonomy":"category","embeddable":true,"href":"https:\/\/partediario.com.ar\/index.php?rest_route=%2Fwp%2Fv2%2Fcategories&post=3004"},{"taxonomy":"post_tag","embeddable":true,"href":"https:\/\/partediario.com.ar\/index.php?rest_route=%2Fwp%2Fv2%2Ftags&post=3004"}],"curies":[{"name":"wp","href":"https:\/\/api.w.org\/{rel}","templated":true}]}}