{"id":3007,"date":"2024-06-21T11:01:03","date_gmt":"2024-06-21T14:01:03","guid":{"rendered":"https:\/\/partediario.com.ar\/?p=3007"},"modified":"2024-06-21T11:01:04","modified_gmt":"2024-06-21T14:01:04","slug":"gualeguaychu-sera-sede-argentina-del-mundial-del-alfajor-en-2025","status":"publish","type":"post","link":"https:\/\/partediario.com.ar\/?p=3007","title":{"rendered":"Gualeguaych\u00fa ser\u00e1 sede argentina del Mundial del Alfajor en 2025"},"content":{"rendered":"\n<p><strong>El presidente del Ente Mixto Gualeguaych\u00fa Turismo, Fernando Zubillaga, adelant\u00f3 que \u00abest\u00e1 previsto para el a\u00f1o que viene tener el Mundial del Alfajor. Se realizan como en Cosqu\u00edn, pre Cosqu\u00edn y Gualeguaych\u00fa ser\u00e1 una plaza del Pre Mundial del Alfajor\u00bb.<\/strong><\/p>\n\n\n\n<p>El fin de semana pasado inversores de Gualeguaych\u00fa y Mercedes montaron un evento gastron\u00f3mico en el ex Frigor\u00edfico Anglo de Fray Bentos. La Feria Internacional del Alfajor convoc\u00f3 a m\u00e1s de 15 mil personas que recorrieron los stand, compraron los productos en oferta y disfrutaron de espect\u00e1culos.<\/p>\n\n\n\n<p>Plazas hoteleras colmadas y locales gastron\u00f3micos con filas para cenar fueron la imagen de la localidad uruguaya.<\/p>\n\n\n\n<p>El presidente del Ente Mixto Gualeguaych\u00fa Turismo, Fernando Zubillaga, confirm\u00f3 que \u00abest\u00e1 previsto para el a\u00f1o que viene tener el Mundial del Alfajor. Se llevan a cabo como en Cosqu\u00edn, pre Cosqu\u00edn y Gualeguaych\u00fa ser\u00e1 una plaza del Pre Mundial del Alfajor\u00bb.<\/p>\n\n\n\n<p>Zubillaga precis\u00f3 que \u00ablos inversores son una fusi\u00f3n de capitales de argentina -especialmente de Gualeguaych\u00fa- y otra de Mercedes, Uruguay, y ya estamos en contacto con ellos\u00bb.<\/p>\n\n\n\n<p>Destac\u00f3 adem\u00e1s que como resultado de la Feria en el Anglo, \u00absurgieron cinco empresas competidoras que van a estar en agosto en el Mundial del Alfajor en la Rural de Palermo. Pero ya confirmamos que, en 2025, se va a terminar haciendo en Gualeguaych\u00fa y Fray Bentos. Estamos en contacto y trabajando conjuntamente con Jos\u00e9 Luis Peraza, director de Turismo de R\u00edo Negro, para que sea un gran evento\u00bb.<\/p>\n","protected":false},"excerpt":{"rendered":"<p>El presidente del Ente Mixto Gualeguaych&uacute; Turismo, Fernando Zubillaga, adelant&oacute; que &laquo;est&aacute; previsto para el a&ntilde;o que viene tener el Mundial del Alfajor. Se realizan como en Cosqu&iacute;n, pre Cosqu&iacute;n y Gualeguaych&uacute; ser&aacute; una plaza del Pre Mundial del Alfajor&raquo;. El fin de semana pasado inversores de Gualeguaych&uacute; y Mercedes montaron un evento gastron&oacute;mico en [&hellip;]<\/p>\n","protected":false},"author":2,"featured_media":3008,"comment_status":"open","ping_status":"open","sticky":false,"template":"","format":"standard","meta":{"footnotes":""},"categories":[8],"tags":[739,257,203,737],"class_list":["post-3007","post","type-post","status-publish","format-standard","has-post-thumbnail","hentry","category-provinciales","tag-alfajor","tag-entre-rios","tag-gualeguaychu","tag-mundial"],"_links":{"self":[{"href":"https:\/\/partediario.com.ar\/index.php?rest_route=\/wp\/v2\/posts\/3007","targetHints":{"allow":["GET"]}}],"collection":[{"href":"https:\/\/partediario.com.ar\/index.php?rest_route=\/wp\/v2\/posts"}],"about":[{"href":"https:\/\/partediario.com.ar\/index.php?rest_route=\/wp\/v2\/types\/post"}],"author":[{"embeddable":true,"href":"https:\/\/partediario.com.ar\/index.php?rest_route=\/wp\/v2\/users\/2"}],"replies":[{"embeddable":true,"href":"https:\/\/partediario.com.ar\/index.php?rest_route=%2Fwp%2Fv2%2Fcomments&post=3007"}],"version-history":[{"count":1,"href":"https:\/\/partediario.com.ar\/index.php?rest_route=\/wp\/v2\/posts\/3007\/revisions"}],"predecessor-version":[{"id":3009,"href":"https:\/\/partediario.com.ar\/index.php?rest_route=\/wp\/v2\/posts\/3007\/revisions\/3009"}],"wp:featuredmedia":[{"embeddable":true,"href":"https:\/\/partediario.com.ar\/index.php?rest_route=\/wp\/v2\/media\/3008"}],"wp:attachment":[{"href":"https:\/\/partediario.com.ar\/index.php?rest_route=%2Fwp%2Fv2%2Fmedia&parent=3007"}],"wp:term":[{"taxonomy":"category","embeddable":true,"href":"https:\/\/partediario.com.ar\/index.php?rest_route=%2Fwp%2Fv2%2Fcategories&post=3007"},{"taxonomy":"post_tag","embeddable":true,"href":"https:\/\/partediario.com.ar\/index.php?rest_route=%2Fwp%2Fv2%2Ftags&post=3007"}],"curies":[{"name":"wp","href":"https:\/\/api.w.org\/{rel}","templated":true}]}}