{"id":3010,"date":"2024-06-21T11:10:42","date_gmt":"2024-06-21T14:10:42","guid":{"rendered":"https:\/\/partediario.com.ar\/?p=3010"},"modified":"2024-06-21T11:10:44","modified_gmt":"2024-06-21T14:10:44","slug":"la-intendenta-romero-encabezo-el-acto-por-el-dia-de-la-bandera-en-parana","status":"publish","type":"post","link":"https:\/\/partediario.com.ar\/?p=3010","title":{"rendered":"La intendenta Romero encabez\u00f3 el acto por el D\u00eda de la Bandera en Paran\u00e1"},"content":{"rendered":"\n<p><strong>\u201cSignific\u00f3 un avance en la consolidaci\u00f3n de la emancipaci\u00f3n argentina. Recordarla el d\u00eda que evocamos la muerte de Belgrano, significa reivindicar los valores del pr\u00f3cer\u201d, destac\u00f3. La ceremonia tuvo lugar este jueves en la Plaza Belgrano.<\/strong><\/p>\n\n\n\n<p>El acto tuvo la presencia tambi\u00e9n del viceintendente David C\u00e1ceres, autoridades provinciales, nacionales, municipales e integrantes de las distintas fuerzas armadas y de seguridad.<\/p>\n\n\n\n<p>\u201cEs un d\u00eda muy especial. En el proceso de emancipaci\u00f3n fue muy importante que Belgrano creara una bandera que se diferenciara de la espa\u00f1ola y constituyera, un poco m\u00e1s, a la conformaci\u00f3n de la Argentina, que luego en 1853 tuvo su primera Constituci\u00f3n\u201d, sostuvo Romero.<\/p>\n\n\n\n<p><\/p>\n\n\n\n<figure class=\"wp-block-image size-large\"><img loading=\"lazy\" decoding=\"async\" width=\"1024\" height=\"683\" src=\"https:\/\/partediario.com.ar\/wp-content\/uploads\/1718898166_2a8a22efe156ac81f136-1024x683.jpg\" alt=\"\" class=\"wp-image-3011\" srcset=\"https:\/\/partediario.com.ar\/wp-content\/uploads\/1718898166_2a8a22efe156ac81f136-1024x683.jpg 1024w, https:\/\/partediario.com.ar\/wp-content\/uploads\/1718898166_2a8a22efe156ac81f136-300x200.jpg 300w, https:\/\/partediario.com.ar\/wp-content\/uploads\/1718898166_2a8a22efe156ac81f136-768x512.jpg 768w, https:\/\/partediario.com.ar\/wp-content\/uploads\/1718898166_2a8a22efe156ac81f136.jpg 1080w\" sizes=\"auto, (max-width: 1024px) 100vw, 1024px\" \/><\/figure>\n\n\n\n<p><\/p>\n\n\n\n<p>En esa misma l\u00ednea el viceintendente C\u00e1ceres resalt\u00f3: \u201cLa bandera es el mayor s\u00edmbolo de uni\u00f3n como pueblo, pero tambi\u00e9n es un s\u00edmbolo de libertad, de independencia, de soberan\u00eda. Rendirle homenaje nos llena de orgullo\u201d.<\/p>\n\n\n\n<p>Participaron la vicepresidenta del Superior Tribunal de Justicia, Laura Soage; el secretario de Gobierno y Coordinador de Gabinete, Santiago Halle; el Vicario General Monse\u00f1or Eduardo Tanger; legisladores nacionales y provinciales; los concejales Luisina Minni, Sergio Elizar, Dar\u00edo B\u00e1ez y Romina Todoni; secretarios del gobierno municipal y representantes de las Fuerzas Armadas y de Seguridad.<\/p>\n\n\n\n<p><\/p>\n\n\n\n<figure class=\"wp-block-image size-large\"><img loading=\"lazy\" decoding=\"async\" width=\"1024\" height=\"683\" src=\"https:\/\/partediario.com.ar\/wp-content\/uploads\/1718898198_aabe98417558fde12c3b-1024x683.jpg\" alt=\"\" class=\"wp-image-3012\" srcset=\"https:\/\/partediario.com.ar\/wp-content\/uploads\/1718898198_aabe98417558fde12c3b-1024x683.jpg 1024w, https:\/\/partediario.com.ar\/wp-content\/uploads\/1718898198_aabe98417558fde12c3b-300x200.jpg 300w, https:\/\/partediario.com.ar\/wp-content\/uploads\/1718898198_aabe98417558fde12c3b-768x512.jpg 768w, https:\/\/partediario.com.ar\/wp-content\/uploads\/1718898198_aabe98417558fde12c3b.jpg 1080w\" sizes=\"auto, (max-width: 1024px) 100vw, 1024px\" \/><\/figure>\n\n\n\n<p><\/p>\n\n\n\n<p><strong>Acto de jura de la Ense\u00f1a Patria<\/strong><\/p>\n\n\n\n<p>Adem\u00e1s, en la sede del Comando de la Segunda Brigada Blindada, perteneciente a la Guarnici\u00f3n Ej\u00e9rcito Paran\u00e1, la intendenta Romero particip\u00f3 este jueves del acto donde integrantes del Ej\u00e9rcito Argentino y de la Fuerza A\u00e9rea prestaron juramento de fidelidad a la Bandera.<\/p>\n\n\n\n<p>Participaron de la ceremonia representantes de la Fuerza A\u00e9rea, del Ej\u00e9rcito Argentino y Veteranos de Malvinas.<\/p>\n","protected":false},"excerpt":{"rendered":"<p>&ldquo;Signific&oacute; un avance en la consolidaci&oacute;n de la emancipaci&oacute;n argentina. Recordarla el d&iacute;a que evocamos la muerte de Belgrano, significa reivindicar los valores del pr&oacute;cer&rdquo;, destac&oacute;. La ceremonia tuvo lugar este jueves en la Plaza Belgrano. El acto tuvo la presencia tambi&eacute;n del viceintendente David C&aacute;ceres, autoridades provinciales, nacionales, municipales e integrantes de las distintas [&hellip;]<\/p>\n","protected":false},"author":2,"featured_media":3013,"comment_status":"open","ping_status":"open","sticky":false,"template":"","format":"standard","meta":{"footnotes":""},"categories":[6,8],"tags":[709,707,257,265,242],"class_list":["post-3010","post","type-post","status-publish","format-standard","has-post-thumbnail","hentry","category-locales","category-provinciales","tag-acto","tag-dia-de-la-bandera","tag-entre-rios","tag-parana","tag-rosario-romero"],"_links":{"self":[{"href":"https:\/\/partediario.com.ar\/index.php?rest_route=\/wp\/v2\/posts\/3010","targetHints":{"allow":["GET"]}}],"collection":[{"href":"https:\/\/partediario.com.ar\/index.php?rest_route=\/wp\/v2\/posts"}],"about":[{"href":"https:\/\/partediario.com.ar\/index.php?rest_route=\/wp\/v2\/types\/post"}],"author":[{"embeddable":true,"href":"https:\/\/partediario.com.ar\/index.php?rest_route=\/wp\/v2\/users\/2"}],"replies":[{"embeddable":true,"href":"https:\/\/partediario.com.ar\/index.php?rest_route=%2Fwp%2Fv2%2Fcomments&post=3010"}],"version-history":[{"count":1,"href":"https:\/\/partediario.com.ar\/index.php?rest_route=\/wp\/v2\/posts\/3010\/revisions"}],"predecessor-version":[{"id":3014,"href":"https:\/\/partediario.com.ar\/index.php?rest_route=\/wp\/v2\/posts\/3010\/revisions\/3014"}],"wp:featuredmedia":[{"embeddable":true,"href":"https:\/\/partediario.com.ar\/index.php?rest_route=\/wp\/v2\/media\/3013"}],"wp:attachment":[{"href":"https:\/\/partediario.com.ar\/index.php?rest_route=%2Fwp%2Fv2%2Fmedia&parent=3010"}],"wp:term":[{"taxonomy":"category","embeddable":true,"href":"https:\/\/partediario.com.ar\/index.php?rest_route=%2Fwp%2Fv2%2Fcategories&post=3010"},{"taxonomy":"post_tag","embeddable":true,"href":"https:\/\/partediario.com.ar\/index.php?rest_route=%2Fwp%2Fv2%2Ftags&post=3010"}],"curies":[{"name":"wp","href":"https:\/\/api.w.org\/{rel}","templated":true}]}}