{"id":3019,"date":"2024-06-21T11:46:32","date_gmt":"2024-06-21T14:46:32","guid":{"rendered":"https:\/\/partediario.com.ar\/?p=3019"},"modified":"2024-06-21T11:46:33","modified_gmt":"2024-06-21T14:46:33","slug":"el-asesinato-del-asesor-de-veronica-magario-en-boedo-declaro-testigo-del-hecho","status":"publish","type":"post","link":"https:\/\/partediario.com.ar\/?p=3019","title":{"rendered":"El asesinato del asesor de Ver\u00f3nica Magario en Boedo. Declar\u00f3 testigo del hecho"},"content":{"rendered":"\n<p><strong>Carlos Fern\u00e1ndez, asesor de la vicegobernadora de Buenos Aires, Ver\u00f3nica Magario, fue asesinado en la noche de este jueves en un asalto en la Ciudad de Buenos Aires. Un testigo clave aport\u00f3 datos importantes del crimen.<\/strong><\/p>\n\n\n\n<p>Un asesor de Ver\u00f3nica Magario, vicegobernadora de Buenos Aires, fue muerto durante un robo en el barrio porte\u00f1o de Boedo.<\/p>\n\n\n\n<p>El crimen se produjo en la noche del jueves cuando Carlos Fern\u00e1ndez, de 63 a\u00f1os, se encontraba en la esquina de avenida San Juan y Castro, en el citado barrio, y fue interceptado por delincuentes.<\/p>\n\n\n\n<p>Las primeras informaciones indican que dos ladrones intentaron robarle el auto y, al no lograrlo, le dieron un tiro en el pecho y escaparon.<\/p>\n\n\n\n<p>El hombre fue trasladado al Hospital Ramos Mej\u00eda donde, a pesar de los esfuerzos de los m\u00e9dicos, finalmente falleci\u00f3.<\/p>\n\n\n\n<p>Un testigo clave del hecho describi\u00f3 c\u00f3mo estaban vestidos los homicidas: \u201cUno estaba con campera marr\u00f3n y el otro con chaleco negro\u201d, precis\u00f3.<\/p>\n\n\n\n<p>Noticia en desarrollo<\/p>\n","protected":false},"excerpt":{"rendered":"<p>Carlos Fern&aacute;ndez, asesor de la vicegobernadora de Buenos Aires, Ver&oacute;nica Magario, fue asesinado en la noche de este jueves en un asalto en la Ciudad de Buenos Aires. Un testigo clave aport&oacute; datos importantes del crimen. Un asesor de Ver&oacute;nica Magario, vicegobernadora de Buenos Aires, fue muerto durante un robo en el barrio porte&ntilde;o de [&hellip;]<\/p>\n","protected":false},"author":2,"featured_media":3020,"comment_status":"open","ping_status":"open","sticky":false,"template":"","format":"standard","meta":{"footnotes":""},"categories":[5,7],"tags":[746,748,388,750,749,747],"class_list":["post-3019","post","type-post","status-publish","format-standard","has-post-thumbnail","hentry","category-nacionales","category-policiales","tag-asesinato","tag-asesor","tag-caba","tag-carlos-alberto-fernandez","tag-testigo","tag-veronica-magario"],"_links":{"self":[{"href":"https:\/\/partediario.com.ar\/index.php?rest_route=\/wp\/v2\/posts\/3019","targetHints":{"allow":["GET"]}}],"collection":[{"href":"https:\/\/partediario.com.ar\/index.php?rest_route=\/wp\/v2\/posts"}],"about":[{"href":"https:\/\/partediario.com.ar\/index.php?rest_route=\/wp\/v2\/types\/post"}],"author":[{"embeddable":true,"href":"https:\/\/partediario.com.ar\/index.php?rest_route=\/wp\/v2\/users\/2"}],"replies":[{"embeddable":true,"href":"https:\/\/partediario.com.ar\/index.php?rest_route=%2Fwp%2Fv2%2Fcomments&post=3019"}],"version-history":[{"count":1,"href":"https:\/\/partediario.com.ar\/index.php?rest_route=\/wp\/v2\/posts\/3019\/revisions"}],"predecessor-version":[{"id":3021,"href":"https:\/\/partediario.com.ar\/index.php?rest_route=\/wp\/v2\/posts\/3019\/revisions\/3021"}],"wp:featuredmedia":[{"embeddable":true,"href":"https:\/\/partediario.com.ar\/index.php?rest_route=\/wp\/v2\/media\/3020"}],"wp:attachment":[{"href":"https:\/\/partediario.com.ar\/index.php?rest_route=%2Fwp%2Fv2%2Fmedia&parent=3019"}],"wp:term":[{"taxonomy":"category","embeddable":true,"href":"https:\/\/partediario.com.ar\/index.php?rest_route=%2Fwp%2Fv2%2Fcategories&post=3019"},{"taxonomy":"post_tag","embeddable":true,"href":"https:\/\/partediario.com.ar\/index.php?rest_route=%2Fwp%2Fv2%2Ftags&post=3019"}],"curies":[{"name":"wp","href":"https:\/\/api.w.org\/{rel}","templated":true}]}}