{"id":3051,"date":"2024-06-22T10:40:20","date_gmt":"2024-06-22T13:40:20","guid":{"rendered":"https:\/\/partediario.com.ar\/?p=3051"},"modified":"2024-06-22T10:40:21","modified_gmt":"2024-06-22T13:40:21","slug":"la-paz-nueva-manifestacion-exigiendo-justicia-por-rocio-cabrera-la-joven-que-fallecio-tras-dar-a-luz","status":"publish","type":"post","link":"https:\/\/partediario.com.ar\/?p=3051","title":{"rendered":"La Paz: nueva manifestaci\u00f3n exigiendo justicia por Roc\u00edo Cabrera, la joven que falleci\u00f3 tras dar a luz"},"content":{"rendered":"\n<p><strong>Vecinos de la ciudad de La Paz volvieron a manifestarse para pedir Justicia por Roc\u00edo Cabrera, de 25 a\u00f1os, quien muri\u00f3 luego de dar a luz. Su familia insiste en que hubo negligencia m\u00e9dica.<\/strong><\/p>\n\n\n\n<p>Este viernes al mediod\u00eda familiares y seres queridos de Roc\u00edo Cabrera, la joven de 25 a\u00f1os que falleci\u00f3 hace una semana luego de complicaciones en una ces\u00e1rea en el Hospital 9 de Julio, exigen respuestas por parte del Hospital 9 de Julio, donde se denuncia negligencia y se manifestaron frente al ingreso al nosocomio.<\/p>\n\n\n\n<p>Vale recordar que, inicialmente, su familia hab\u00eda hecho p\u00fablico un reclamo para exigir a las autoridades la entrega de los restos de la joven para poder despedirla. No fue hasta el martes, cuatro d\u00edas despu\u00e9s del fallecimiento, que se pudo llevar a cabo su velatorio y entierro. La pace\u00f1a hab\u00eda asistido al hospital de zona para una ces\u00e1rea programada, pero sufri\u00f3 complicaciones y debi\u00f3 ser trasladada de urgencia a Paran\u00e1, sin embargo y a pesar del esfuerzo de los m\u00e9dicos, falleci\u00f3 en el Hospital Materno Infantil San Roque.<\/p>\n\n\n\n<p><\/p>\n\n\n\n<figure class=\"wp-block-image size-full\"><img loading=\"lazy\" decoding=\"async\" width=\"720\" height=\"405\" src=\"https:\/\/partediario.com.ar\/wp-content\/uploads\/FB_IMG_1719018249052-720x405-1.jpg\" alt=\"\" class=\"wp-image-3052\" srcset=\"https:\/\/partediario.com.ar\/wp-content\/uploads\/FB_IMG_1719018249052-720x405-1.jpg 720w, https:\/\/partediario.com.ar\/wp-content\/uploads\/FB_IMG_1719018249052-720x405-1-300x169.jpg 300w\" sizes=\"auto, (max-width: 720px) 100vw, 720px\" \/><\/figure>\n\n\n\n<p><\/p>\n\n\n\n<p>Seg\u00fan manifest\u00f3 su familia a medios locales, Roc\u00edo curs\u00f3 el embarazo a t\u00e9rmino con todos los controles y, el jueves 13 de junio, inici\u00f3 su trabajo de parto. No obstante, esa misma noche, una m\u00e9dica determin\u00f3 que el parto se realizar\u00eda por ces\u00e1rea y no le habr\u00edan permitido a la madre de la joven ingresar con ella a la sala de operaciones. Algunas horas m\u00e1s tarde, Roc\u00edo habr\u00eda comenzado a presentar complicaciones y su familia denunci\u00f3 que no fue atendida por el personal del nosocomio. A ra\u00edz de la falta de explicaciones y la presunta ausencia de personal de salud, sus seres queridos decidieron iniciar acciones legales para esclarecer la muerte de la joven madre.<\/p>\n\n\n\n<p>A una semana del tr\u00e1gico hecho su hermana, Florencia Pimentel, se\u00f1al\u00f3 en sus redes sociales: \u00abMi hermana dej\u00f3 su vida en manos de enfermeras y m\u00e9dicas que no pueden seguir trabajando porque la trataron mal, la hicieron sufrir, porque estaban apurados por irse a su casa y le hicieron una ces\u00e1rea no programada\u00bb. Y cuestion\u00f3: \u00ab\u00bfC\u00f3mo personas as\u00ed pueden recibir una matr\u00edcula si no tienen el inter\u00e9s de trabajar como realmente lo tienen que hacer? Sigo pidiendo justicia por mi dolor, el de mis hermanos, el de mi mam\u00e1 y su pap\u00e1, pero sobre todo por mis sobrinos, esos dos chiquitos que se quedaron sin su mam\u00e1\u00bb.<\/p>\n\n\n\n<p>En otra publicaci\u00f3n, Pimentel subray\u00f3: \u00abVi que hay muchos casos similares a los de mi hermana y al m\u00edo\u00bb, haciendo referencia a que denunci\u00f3 que, en el mismo hospital, perdi\u00f3 a un hijo. En los comentarios de sus posteos, un usuario indic\u00f3: \u00abOjal\u00e1 salga a la luz todo lo malo que hay en el hospital. A\u00f1os tratando mal a los pacientes, haciendo mala praxis, a las mam\u00e1s que van a parir las tratan mal y terminan muriendo \u00bfHasta cu\u00e1ndo va a seguir muriendo gente inocente? Basta\u00bb, finaliz\u00f3.<\/p>\n","protected":false},"excerpt":{"rendered":"<p>Vecinos de la ciudad de La Paz volvieron a manifestarse para pedir Justicia por Roc&iacute;o Cabrera, de 25 a&ntilde;os, quien muri&oacute; luego de dar a luz. Su familia insiste en que hubo negligencia m&eacute;dica. Este viernes al mediod&iacute;a familiares y seres queridos de Roc&iacute;o Cabrera, la joven de 25 a&ntilde;os que falleci&oacute; hace una semana [&hellip;]<\/p>\n","protected":false},"author":2,"featured_media":3053,"comment_status":"open","ping_status":"open","sticky":false,"template":"","format":"standard","meta":{"footnotes":""},"categories":[7,8],"tags":[257,773,774,772,548,771,265,770],"class_list":["post-3051","post","type-post","status-publish","format-standard","has-post-thumbnail","hentry","category-policiales","category-provinciales","tag-entre-rios","tag-hospital-9-de-julio","tag-hospital-san-roque","tag-justicia","tag-la-paz","tag-manifestacion","tag-parana","tag-rocio-cabrera"],"_links":{"self":[{"href":"https:\/\/partediario.com.ar\/index.php?rest_route=\/wp\/v2\/posts\/3051","targetHints":{"allow":["GET"]}}],"collection":[{"href":"https:\/\/partediario.com.ar\/index.php?rest_route=\/wp\/v2\/posts"}],"about":[{"href":"https:\/\/partediario.com.ar\/index.php?rest_route=\/wp\/v2\/types\/post"}],"author":[{"embeddable":true,"href":"https:\/\/partediario.com.ar\/index.php?rest_route=\/wp\/v2\/users\/2"}],"replies":[{"embeddable":true,"href":"https:\/\/partediario.com.ar\/index.php?rest_route=%2Fwp%2Fv2%2Fcomments&post=3051"}],"version-history":[{"count":1,"href":"https:\/\/partediario.com.ar\/index.php?rest_route=\/wp\/v2\/posts\/3051\/revisions"}],"predecessor-version":[{"id":3054,"href":"https:\/\/partediario.com.ar\/index.php?rest_route=\/wp\/v2\/posts\/3051\/revisions\/3054"}],"wp:featuredmedia":[{"embeddable":true,"href":"https:\/\/partediario.com.ar\/index.php?rest_route=\/wp\/v2\/media\/3053"}],"wp:attachment":[{"href":"https:\/\/partediario.com.ar\/index.php?rest_route=%2Fwp%2Fv2%2Fmedia&parent=3051"}],"wp:term":[{"taxonomy":"category","embeddable":true,"href":"https:\/\/partediario.com.ar\/index.php?rest_route=%2Fwp%2Fv2%2Fcategories&post=3051"},{"taxonomy":"post_tag","embeddable":true,"href":"https:\/\/partediario.com.ar\/index.php?rest_route=%2Fwp%2Fv2%2Ftags&post=3051"}],"curies":[{"name":"wp","href":"https:\/\/api.w.org\/{rel}","templated":true}]}}