{"id":3058,"date":"2024-06-22T12:27:09","date_gmt":"2024-06-22T15:27:09","guid":{"rendered":"https:\/\/partediario.com.ar\/?p=3058"},"modified":"2024-06-22T12:27:17","modified_gmt":"2024-06-22T15:27:17","slug":"en-medio-de-protestas-por-su-presencia-milei-recibio-una-distincion-en-hamburgo","status":"publish","type":"post","link":"https:\/\/partediario.com.ar\/?p=3058","title":{"rendered":"En medio de protestas por su presencia, Milei recibi\u00f3 una distinci\u00f3n en Hamburgo"},"content":{"rendered":"\n<p><strong>El presidente arrib\u00f3 esta ma\u00f1ana a la ciudad alemana de Hamburgo para recibir el Premio de la Sociedad Hayek, donde brind\u00f3 un breve discurso. Manifestantes de izquierda y antifacistas se pronunciaron en contra del mandatario argentino. Luego se trasladar\u00e1 a Berl\u00edn, donde este domingo mantendr\u00e1 un encuentro con el canciller Olaf Scholz.<\/strong><\/p>\n\n\n\n<p>Tras su paso por Espa\u00f1a, el presidente Javier Milei arrib\u00f3 esta ma\u00f1ana a la ciudad alemana de Hamburgo para recibir el Premio de la Sociedad Hayek. Luego, se trasladar\u00e1 a la capital Berl\u00edn, donde ma\u00f1ana mantendr\u00e1 un encuentro con el canciller Olaf Scholz. Manifestantes de izquierda y antifacistas se pronunciaron en contra del mandatario.<\/p>\n\n\n\n<p><\/p>\n\n\n\n<figure class=\"wp-block-image size-full\"><img loading=\"lazy\" decoding=\"async\" width=\"960\" height=\"640\" src=\"https:\/\/partediario.com.ar\/wp-content\/uploads\/848446-milei-20alemania-202.jpg\" alt=\"\" class=\"wp-image-3059\" srcset=\"https:\/\/partediario.com.ar\/wp-content\/uploads\/848446-milei-20alemania-202.jpg 960w, https:\/\/partediario.com.ar\/wp-content\/uploads\/848446-milei-20alemania-202-300x200.jpg 300w, https:\/\/partediario.com.ar\/wp-content\/uploads\/848446-milei-20alemania-202-768x512.jpg 768w\" sizes=\"auto, (max-width: 960px) 100vw, 960px\" \/><\/figure>\n\n\n\n<p><\/p>\n\n\n\n<p><strong>Milei arrib\u00f3 a Alemania en medio de protestas en su contra<\/strong><\/p>\n\n\n\n<p>Tras su paso por Espa\u00f1a, el presidente Javier Milei arrib\u00f3 esta ma\u00f1ana a la ciudad alemana de Hamburgo para recibir el Premio de la Sociedad Hayek, ocasi\u00f3n en la que brindar\u00e1 un extenso discurso.<\/p>\n\n\n\n<p>Manifestantes de izquierda y antifacistas se pronunciaron en contra del mandatario de extrema derecha en los muelles de Landungsbr\u00fcckenm en Hamburgo, y repudiaron su llegada a Alemania.<\/p>\n\n\n\n<p>Poco despu\u00e9s, en limusinas negras y en medio de un fuerte dispositivo policial, la comitiva presidencial argentina se dirigi\u00f3 al hotel Empire Riverside hotel, a metros del Hotel Hafen Hamburgo, donde iba a recibir una medalla de manos de la Sociedad Hayek.<\/p>\n","protected":false},"excerpt":{"rendered":"<p>El presidente arrib&oacute; esta ma&ntilde;ana a la ciudad alemana de Hamburgo para recibir el Premio de la Sociedad Hayek, donde brind&oacute; un breve discurso. Manifestantes de izquierda y antifacistas se pronunciaron en contra del mandatario argentino. Luego se trasladar&aacute; a Berl&iacute;n, donde este domingo mantendr&aacute; un encuentro con el canciller Olaf Scholz. Tras su paso [&hellip;]<\/p>\n","protected":false},"author":2,"featured_media":3060,"comment_status":"open","ping_status":"open","sticky":false,"template":"","format":"standard","meta":{"footnotes":""},"categories":[9],"tags":[779,232,783,782,784],"class_list":["post-3058","post","type-post","status-publish","format-standard","has-post-thumbnail","hentry","category-internacionales","tag-alemania","tag-javier-milei","tag-olaf-scholz-2","tag-protestas","tag-sociedad-hayek"],"_links":{"self":[{"href":"https:\/\/partediario.com.ar\/index.php?rest_route=\/wp\/v2\/posts\/3058","targetHints":{"allow":["GET"]}}],"collection":[{"href":"https:\/\/partediario.com.ar\/index.php?rest_route=\/wp\/v2\/posts"}],"about":[{"href":"https:\/\/partediario.com.ar\/index.php?rest_route=\/wp\/v2\/types\/post"}],"author":[{"embeddable":true,"href":"https:\/\/partediario.com.ar\/index.php?rest_route=\/wp\/v2\/users\/2"}],"replies":[{"embeddable":true,"href":"https:\/\/partediario.com.ar\/index.php?rest_route=%2Fwp%2Fv2%2Fcomments&post=3058"}],"version-history":[{"count":1,"href":"https:\/\/partediario.com.ar\/index.php?rest_route=\/wp\/v2\/posts\/3058\/revisions"}],"predecessor-version":[{"id":3061,"href":"https:\/\/partediario.com.ar\/index.php?rest_route=\/wp\/v2\/posts\/3058\/revisions\/3061"}],"wp:featuredmedia":[{"embeddable":true,"href":"https:\/\/partediario.com.ar\/index.php?rest_route=\/wp\/v2\/media\/3060"}],"wp:attachment":[{"href":"https:\/\/partediario.com.ar\/index.php?rest_route=%2Fwp%2Fv2%2Fmedia&parent=3058"}],"wp:term":[{"taxonomy":"category","embeddable":true,"href":"https:\/\/partediario.com.ar\/index.php?rest_route=%2Fwp%2Fv2%2Fcategories&post=3058"},{"taxonomy":"post_tag","embeddable":true,"href":"https:\/\/partediario.com.ar\/index.php?rest_route=%2Fwp%2Fv2%2Ftags&post=3058"}],"curies":[{"name":"wp","href":"https:\/\/api.w.org\/{rel}","templated":true}]}}