{"id":3080,"date":"2024-06-22T13:41:25","date_gmt":"2024-06-22T16:41:25","guid":{"rendered":"https:\/\/partediario.com.ar\/?p=3080"},"modified":"2024-06-22T13:41:26","modified_gmt":"2024-06-22T16:41:26","slug":"abel-pintos-inauguro-su-sonado-proyecto-para-convertirse-en-un-productor-sustentable-de-nuez-pecan","status":"publish","type":"post","link":"https:\/\/partediario.com.ar\/?p=3080","title":{"rendered":"Abel Pintos inaugur\u00f3 su so\u00f1ado proyecto para convertirse en un productor \u201csustentable\u201d de nuez pec\u00e1n"},"content":{"rendered":"\n<p><strong>El conocido cantante inaugur\u00f3 un campo escuela en esa localidad bonaerense, con el objetivo de vincular a los j\u00f3venes con el conocimiento del campo.<\/strong><\/p>\n\n\n\n<p>El cantante Abel Pintos avanza en su proyecto de nuez pecan y otros frutos secos, en un un ambicioso proyecto de 100 hect\u00e1reas de las que ya llevan 30 implantadas, y que incluye un sector que procesar\u00e1 las frutas.<\/p>\n\n\n\n<p>\u00abEn primer lugar, justamente quiero agradecer. Agradecer al pueblo de Mercedes por recibirnos y por creer en nosotros. Agradecer a todos los amigos y los colaboradores en este sue\u00f1o. A todas las empresas y a los particulares que se acercaron y que creyeron en todo lo que nosotros ve\u00edamos cuando todo esto y el campo estaba pelado. Confiaron en nosotros y so\u00f1aron con nosotros y trabajaron cada d\u00eda para que esto sea una realidad. Entonces, much\u00edsimas gracias\u201d, afirm\u00f3 el m\u00fasico.<\/p>\n\n\n\n<p>El innovador Campo Escuela Recreativo se encuentra en el Establecimiento La Matera, ubicado en la localidad de Mercedes, provincia de Buenos Aires. El objetivo de este espacio es acercar a las nuevas generaciones a los conocimientos vinculados al campo, la plantaci\u00f3n y el desarrollo de las especies.<\/p>\n\n\n\n<p>El Campo Escuela Recreativo cuenta con un vivero sustentable y permite la integraci\u00f3n de maquinarias, dando lugar a un sistema integral propio que lleva adelante todo el ciclo productivo de las especies que all\u00ed se encuentran. Este espacio busca promover acciones e iniciativas responsables con el medio ambiente e inspirar a las pr\u00f3ximas generaciones a cuidarlo y preservarlo.<\/p>\n\n\n\n<p><strong>Un proyecto integral para el cuidado del medio ambiente<\/strong><\/p>\n\n\n\n<p>La concreci\u00f3n de este proyecto fue posible gracias al trabajo conjunto de diversos actores, entre ellos John Deere, empresa de la cual Abel Pintos es embajador en la campa\u00f1a \u00abPor una Am\u00e9rica Latina M\u00e1s Verde\u00bb, que tiene como objetivo plantar un mill\u00f3n de \u00e1rboles en la regi\u00f3n para el a\u00f1o 2030.<\/p>\n","protected":false},"excerpt":{"rendered":"<p>El conocido cantante inaugur&oacute; un campo escuela en esa localidad bonaerense, con el objetivo de vincular a los j&oacute;venes con el conocimiento del campo. El cantante Abel Pintos avanza en su proyecto de nuez pecan y otros frutos secos, en un un ambicioso proyecto de 100 hect&aacute;reas de las que ya llevan 30 implantadas, y [&hellip;]<\/p>\n","protected":false},"author":2,"featured_media":3081,"comment_status":"open","ping_status":"open","sticky":false,"template":"","format":"standard","meta":{"footnotes":""},"categories":[5],"tags":[803,721,808,807,806,805,804],"class_list":["post-3080","post","type-post","status-publish","format-standard","has-post-thumbnail","hentry","category-nacionales","tag-abel-pintos","tag-buenos-aires","tag-la-matera","tag-mercedes","tag-nuez-pecan-2","tag-nuez-pecan","tag-proyecto"],"_links":{"self":[{"href":"https:\/\/partediario.com.ar\/index.php?rest_route=\/wp\/v2\/posts\/3080","targetHints":{"allow":["GET"]}}],"collection":[{"href":"https:\/\/partediario.com.ar\/index.php?rest_route=\/wp\/v2\/posts"}],"about":[{"href":"https:\/\/partediario.com.ar\/index.php?rest_route=\/wp\/v2\/types\/post"}],"author":[{"embeddable":true,"href":"https:\/\/partediario.com.ar\/index.php?rest_route=\/wp\/v2\/users\/2"}],"replies":[{"embeddable":true,"href":"https:\/\/partediario.com.ar\/index.php?rest_route=%2Fwp%2Fv2%2Fcomments&post=3080"}],"version-history":[{"count":1,"href":"https:\/\/partediario.com.ar\/index.php?rest_route=\/wp\/v2\/posts\/3080\/revisions"}],"predecessor-version":[{"id":3082,"href":"https:\/\/partediario.com.ar\/index.php?rest_route=\/wp\/v2\/posts\/3080\/revisions\/3082"}],"wp:featuredmedia":[{"embeddable":true,"href":"https:\/\/partediario.com.ar\/index.php?rest_route=\/wp\/v2\/media\/3081"}],"wp:attachment":[{"href":"https:\/\/partediario.com.ar\/index.php?rest_route=%2Fwp%2Fv2%2Fmedia&parent=3080"}],"wp:term":[{"taxonomy":"category","embeddable":true,"href":"https:\/\/partediario.com.ar\/index.php?rest_route=%2Fwp%2Fv2%2Fcategories&post=3080"},{"taxonomy":"post_tag","embeddable":true,"href":"https:\/\/partediario.com.ar\/index.php?rest_route=%2Fwp%2Fv2%2Ftags&post=3080"}],"curies":[{"name":"wp","href":"https:\/\/api.w.org\/{rel}","templated":true}]}}