{"id":3083,"date":"2024-06-22T15:58:22","date_gmt":"2024-06-22T18:58:22","guid":{"rendered":"https:\/\/partediario.com.ar\/?p=3083"},"modified":"2024-06-22T15:58:23","modified_gmt":"2024-06-22T18:58:23","slug":"el-publico-lleno-la-vieja-usina-para-disfrutar-de-un-encuentro-de-pena","status":"publish","type":"post","link":"https:\/\/partediario.com.ar\/?p=3083","title":{"rendered":"El p\u00fablico llen\u00f3 La Vieja Usina para disfrutar de un encuentro de pe\u00f1a"},"content":{"rendered":"\n<p><strong>Este viernes se desarroll\u00f3 la segunda jornada del ciclo Usina en Pe\u00f1a. La propuesta reuni\u00f3 a una importante cantidad de asistentes. Hubo m\u00fasica, danzas, taller de folclore, micr\u00f3fono abierto y bailanta. La actividad, con entrada libre y gratuita, cuenta con el apoyo de la Secretar\u00eda de Cultura provincial.<\/strong><\/p>\n\n\n\n<p>En la sala y en la zona al aire libre se ubicaron los concurrentes que comenzaron a llegar a la sede de la instituci\u00f3n provincial, ubicada en Gregoria Matorras 861 de Paran\u00e1, al anochecer del viernes.<\/p>\n\n\n\n<p>Asistentes de diferentes edades disfrutaron de la m\u00fasica, la danza y la pista de baile, que se llenaba r\u00e1pidamente tras el paso de los grupos de ballet. La actividad cont\u00f3 tambi\u00e9n con servicio de gastronom\u00eda y cantina.<\/p>\n\n\n\n<p>Con la capacidad completa se desarroll\u00f3 un taller de folclore a la gorra, a cargo de Andr\u00e9s Vega, actividad que abri\u00f3 una nutrida cartelera que se extendi\u00f3 hasta pasada la medianoche.<\/p>\n\n\n\n<p>Luego, fue el turno de los artistas de Isleta Litoral, de General Ram\u00edrez; Proyecto Pe\u00f1a, de Paran\u00e1; y Juan Ignacio Osuna, de Buenos Aires.<\/p>\n\n\n\n<p>Tambi\u00e9n se presentaron en la pista los grupos de danza La Fortinera de Cerrito; Panamby, de Paran\u00e1; y la Compa\u00f1\u00eda de Danzas Montielera y Federal, integrada por bailarines de Victoria, Crespo, Diamante, Aranguren y Paran\u00e1.<\/p>\n\n\n\n<p>Como es habitual, hubo bailanta abierta y se cont\u00f3 con el acompa\u00f1amiento del p\u00fablico con palmas y coros a los m\u00fasicos.<\/p>\n\n\n\n<p>Como cierre, se habilit\u00f3 un micr\u00f3fono abierto, espacio para artistas emergentes, sin inscripci\u00f3n previa, que permiti\u00f3 distintas presentaciones hasta una de dos j\u00f3venes paranaenses que pidieron interpretar su m\u00fasica de rock. \u00abAunque no es el g\u00e9nero de los encuentros de la pe\u00f1a, le dimos la posibilidad de participar porque todos los artistas necesitan un espacio\u00bb, dijo una de las integrantes de la escuela de danzas El Basti\u00f3n, quienes organizaron el encuentro de este viernes.<\/p>\n\n\n\n<p>El ciclo continuar\u00e1 con un tercer encuentro el 26 de julio. La iniciativa lleva en su haber varias ediciones gracias a una articulaci\u00f3n entre gestores y hacedores culturales, vinculados a la danza y la m\u00fasica folcl\u00f3rica, y la Secretar\u00eda de Cultura de Entre R\u00edos. La propuesta es coordinada por la profesora de danzas y gestora cultural Natalia Varon.<\/p>\n","protected":false},"excerpt":{"rendered":"<p>Este viernes se desarroll&oacute; la segunda jornada del ciclo Usina en Pe&ntilde;a. La propuesta reuni&oacute; a una importante cantidad de asistentes. Hubo m&uacute;sica, danzas, taller de folclore, micr&oacute;fono abierto y bailanta. La actividad, con entrada libre y gratuita, cuenta con el apoyo de la Secretar&iacute;a de Cultura provincial. En la sala y en la zona [&hellip;]<\/p>\n","protected":false},"author":2,"featured_media":3084,"comment_status":"open","ping_status":"open","sticky":false,"template":"","format":"standard","meta":{"footnotes":""},"categories":[6,8],"tags":[257,811,810,809],"class_list":["post-3083","post","type-post","status-publish","format-standard","has-post-thumbnail","hentry","category-locales","category-provinciales","tag-entre-rios","tag-natalia-varon","tag-pena","tag-vieja-usina"],"_links":{"self":[{"href":"https:\/\/partediario.com.ar\/index.php?rest_route=\/wp\/v2\/posts\/3083","targetHints":{"allow":["GET"]}}],"collection":[{"href":"https:\/\/partediario.com.ar\/index.php?rest_route=\/wp\/v2\/posts"}],"about":[{"href":"https:\/\/partediario.com.ar\/index.php?rest_route=\/wp\/v2\/types\/post"}],"author":[{"embeddable":true,"href":"https:\/\/partediario.com.ar\/index.php?rest_route=\/wp\/v2\/users\/2"}],"replies":[{"embeddable":true,"href":"https:\/\/partediario.com.ar\/index.php?rest_route=%2Fwp%2Fv2%2Fcomments&post=3083"}],"version-history":[{"count":1,"href":"https:\/\/partediario.com.ar\/index.php?rest_route=\/wp\/v2\/posts\/3083\/revisions"}],"predecessor-version":[{"id":3085,"href":"https:\/\/partediario.com.ar\/index.php?rest_route=\/wp\/v2\/posts\/3083\/revisions\/3085"}],"wp:featuredmedia":[{"embeddable":true,"href":"https:\/\/partediario.com.ar\/index.php?rest_route=\/wp\/v2\/media\/3084"}],"wp:attachment":[{"href":"https:\/\/partediario.com.ar\/index.php?rest_route=%2Fwp%2Fv2%2Fmedia&parent=3083"}],"wp:term":[{"taxonomy":"category","embeddable":true,"href":"https:\/\/partediario.com.ar\/index.php?rest_route=%2Fwp%2Fv2%2Fcategories&post=3083"},{"taxonomy":"post_tag","embeddable":true,"href":"https:\/\/partediario.com.ar\/index.php?rest_route=%2Fwp%2Fv2%2Ftags&post=3083"}],"curies":[{"name":"wp","href":"https:\/\/api.w.org\/{rel}","templated":true}]}}