{"id":3104,"date":"2024-06-22T19:17:58","date_gmt":"2024-06-22T22:17:58","guid":{"rendered":"https:\/\/partediario.com.ar\/?p=3104"},"modified":"2024-06-22T19:17:59","modified_gmt":"2024-06-22T22:17:59","slug":"loan-esta-vivo-y-oculto-en-otro-pueblo-de-corrientes-afirma-una-tarotista","status":"publish","type":"post","link":"https:\/\/partediario.com.ar\/?p=3104","title":{"rendered":"Loan est\u00e1 vivo y oculto en otro pueblo de Corrientes, afirma una tarotista"},"content":{"rendered":"\n<p><strong>A trav\u00e9s de distintos posteos en la red social X, la usuaria @dusza333 precisa que hay que buscarlo en las localidades de Garab\u00ed o Guavirav\u00ed, ambas ubicadas en la provincia de Corrientes.<\/strong><\/p>\n\n\n\n<p>A nueve d\u00edas de la desaparici\u00f3n de Loan Pe\u00f1a, una usuaria de la red social X identificada como @dusza333 (Peon\u00eda) afirma que sus lecturas de tarot se\u00f1alan que el peque\u00f1o de 5 a\u00f1os que es intensamente buscando desde el 13 de junio pasado, se encuentra vivo y oculto en la misma provincia de Corrientes.<\/p>\n\n\n\n<p><\/p>\n\n\n\n<blockquote class=\"twitter-tweet\"><p lang=\"es\" dir=\"ltr\"><a href=\"https:\/\/twitter.com\/hashtag\/Loan?src=hash&amp;ref_src=twsrc%5Etfw\">#Loan<\/a> <a href=\"https:\/\/twitter.com\/hashtag\/Corrientes?src=hash&amp;ref_src=twsrc%5Etfw\">#Corrientes<\/a> <br><br>Que lo traigan de vuelta. CON VIDA. Encuentrenlo por Dios y la Virgen. \u00c9l quiere volver.<br><br>Recen m\u00e1s que nunca porque Loan est\u00e1 a\u00fan con vida y yo no voy a parar. <a href=\"https:\/\/t.co\/zq0mKpRNR4\">https:\/\/t.co\/zq0mKpRNR4<\/a> <a href=\"https:\/\/t.co\/EwHOKvzUD0\">pic.twitter.com\/EwHOKvzUD0<\/a><\/p>&mdash; Peon\u00eda (@dusza333) <a href=\"https:\/\/twitter.com\/dusza333\/status\/1804624093473329545?ref_src=twsrc%5Etfw\">June 22, 2024<\/a><\/blockquote> <script async src=\"https:\/\/platform.twitter.com\/widgets.js\" charset=\"utf-8\"><\/script>\n\n\n\n<p><\/p>\n\n\n\n<p>En las \u00faltimas horas, brind\u00f3 precisiones en el marco de una \u00abcanalizaci\u00f3n\u00bb realizada en la madrugada de este s\u00e1bado. \u00abB\u00fasquenlo en estos dos municipios: 1) GARAB\u00cd. 2) GUAVIRAV\u00cd (con m\u00e1s probabilidad), canalizaci\u00f3n muy fuerte sentida a la 1:22 am, 22 de junio de 2024\u00bb, poste\u00f3 la tarotista.<\/p>\n\n\n\n<p>\u00abMa\u00f1ana se cumplen los 4 d\u00edas que hice mi primera Lectura. S\u00e9 que quer\u00e9s volver. S\u00e9 que te tienen en un rancho. Le pido a Dios que te proteja. Est\u00e1s vivo. San Benito sos la gu\u00eda, el Escudo y la protecci\u00f3n\u00bb, manifiesta otra de las publicaciones de la tarotista.<\/p>\n\n\n\n<p>Esta ma\u00f1ana iindic\u00f3 que en otra \u00abcanalizaci\u00f3n\u00bb a las 11 horas de este s\u00e1bado: \u00abLoan sigue en una casilla. Es baja y tiene dos \u00e1rboles muy parecidos en la entrada, uno de cada lado. Tiene fr\u00edo y baj\u00f3 de peso. Est\u00e1n queriendo despistar porque siento perfume de mujer. Encuentrenlo. Vivo\u00bb.<\/p>\n\n\n\n<p>Cabe se\u00f1alar que en sus posteos apunt\u00f3 contra el comisario a cargo de la causa, que es una de las tres personas que la Justicia orden\u00f3 detener ayer viernes.<\/p>\n","protected":false},"excerpt":{"rendered":"<p>A trav&eacute;s de distintos posteos en la red social X, la usuaria @dusza333 precisa que hay que buscarlo en las localidades de Garab&iacute; o Guavirav&iacute;, ambas ubicadas en la provincia de Corrientes. A nueve d&iacute;as de la desaparici&oacute;n de Loan Pe&ntilde;a, una usuaria de la red social X identificada como @dusza333 (Peon&iacute;a) afirma que sus [&hellip;]<\/p>\n","protected":false},"author":2,"featured_media":3105,"comment_status":"open","ping_status":"open","sticky":false,"template":"","format":"standard","meta":{"footnotes":""},"categories":[5,7],"tags":[839,448,840,842,489,838,837],"class_list":["post-3104","post","type-post","status-publish","format-standard","has-post-thumbnail","hentry","category-nacionales","category-policiales","tag-canalizacion","tag-corrientes","tag-garabi","tag-guaviravi","tag-loan-danilo-pena","tag-tarotista","tag-vivo"],"_links":{"self":[{"href":"https:\/\/partediario.com.ar\/index.php?rest_route=\/wp\/v2\/posts\/3104","targetHints":{"allow":["GET"]}}],"collection":[{"href":"https:\/\/partediario.com.ar\/index.php?rest_route=\/wp\/v2\/posts"}],"about":[{"href":"https:\/\/partediario.com.ar\/index.php?rest_route=\/wp\/v2\/types\/post"}],"author":[{"embeddable":true,"href":"https:\/\/partediario.com.ar\/index.php?rest_route=\/wp\/v2\/users\/2"}],"replies":[{"embeddable":true,"href":"https:\/\/partediario.com.ar\/index.php?rest_route=%2Fwp%2Fv2%2Fcomments&post=3104"}],"version-history":[{"count":1,"href":"https:\/\/partediario.com.ar\/index.php?rest_route=\/wp\/v2\/posts\/3104\/revisions"}],"predecessor-version":[{"id":3106,"href":"https:\/\/partediario.com.ar\/index.php?rest_route=\/wp\/v2\/posts\/3104\/revisions\/3106"}],"wp:featuredmedia":[{"embeddable":true,"href":"https:\/\/partediario.com.ar\/index.php?rest_route=\/wp\/v2\/media\/3105"}],"wp:attachment":[{"href":"https:\/\/partediario.com.ar\/index.php?rest_route=%2Fwp%2Fv2%2Fmedia&parent=3104"}],"wp:term":[{"taxonomy":"category","embeddable":true,"href":"https:\/\/partediario.com.ar\/index.php?rest_route=%2Fwp%2Fv2%2Fcategories&post=3104"},{"taxonomy":"post_tag","embeddable":true,"href":"https:\/\/partediario.com.ar\/index.php?rest_route=%2Fwp%2Fv2%2Ftags&post=3104"}],"curies":[{"name":"wp","href":"https:\/\/api.w.org\/{rel}","templated":true}]}}