{"id":3121,"date":"2024-06-23T10:33:36","date_gmt":"2024-06-23T13:33:36","guid":{"rendered":"https:\/\/partediario.com.ar\/?p=3121"},"modified":"2024-06-23T10:33:45","modified_gmt":"2024-06-23T13:33:45","slug":"el-municipio-de-concordia-preciso-como-se-avanza-en-las-gestiones-para-poner-en-marcha-el-puerto-de-barcazas","status":"publish","type":"post","link":"https:\/\/partediario.com.ar\/?p=3121","title":{"rendered":"El municipio de Concordia precis\u00f3 como se avanza en las gestiones para poner en marcha el Puerto de Barcazas"},"content":{"rendered":"\n<p><strong>El objetivo, seg\u00fan se\u00f1alaron desde la comuna, es avanzar con los estudios necesarios para poner en marcha el Puerto de Barcazas en la zona de Benito Leger\u00e9n, de este modo se podr\u00e1 agilizar el transporte del sector industrial de la regi\u00f3n.<\/strong><\/p>\n\n\n\n<p>El secretario de Desarrollo Productivo, Federico Shatenoffer, habl\u00f3 sobre la reciente visita de la directora de Industrias, Parques y Jardines, Cecilia Lacava, a la ciudad de Concordia y se\u00f1al\u00f3 que \u201cvino a ver un poco m\u00e1s el sector industrial en general del Parque, como lo hizo durante su visita anterior\u201d.<\/p>\n\n\n\n<p>Sobre el tema el funcionario detall\u00f3 que actualmente \u201chay muchas cuestiones de urgencia que hay que resolver, pero tambi\u00e9n hay cuestiones importantes de planificaci\u00f3n\u201d, por lo que \u201cen ese sentido, estamos trabajando en lo que va a ser el nodo log\u00edstico de la zona sur, dentro del que un hito muy importante es la reactivaci\u00f3n del Puerto de Barcazas en las inmediaciones del ex Frigor\u00edfico Yuquer\u00ed, entendiendo que es un medio de transporte muy importante para la producci\u00f3n\u201d.<\/p>\n\n\n\n<p>De este modo, en el marco de la visita de Lacava y \u201ccomo eso es jurisdicci\u00f3n provincial, cre\u00edmos oportuno plantearle esa inquietud a la funcionaria, quien lo recibi\u00f3 con mucho inter\u00e9s y nos consta que ya est\u00e1 haciendo las gestiones para viabilizar el estudio de factibilidad concretamente sobre esa idea\u201d, indic\u00f3.<\/p>\n\n\n\n<p>En cuanto al proyecto del puerto, Shatenoffer mencion\u00f3 que \u201cla idea de alg\u00fan proyecto ya hubo hace mucho tiempo\u201d, pero \u201cahora se est\u00e1 haciendo una actualizaci\u00f3n del estudio, tanto de la oferta como de la demanda\u201d. A pesar de todo, asever\u00f3 que \u201cinicialmente, hay una buena expectativa de que ese puerto sea viable econ\u00f3mica y productivamente\u201d.<\/p>\n\n\n\n<p>Adem\u00e1s subray\u00f3 que \u201chay buena voluntad por parte del gobierno provincial de avanzar en ese sentido y desde el municipal tambi\u00e9n\u201d.<\/p>\n\n\n\n<p>Y agreg\u00f3 que \u201cla idea es organizar un poco la producci\u00f3n local o facilitarla, no solamente lo que est\u00e1 en el \u00e9gido Concordia, sino todas las actividades productivas regionales\u201d, ya que \u201csomos conscientes de que est\u00e1n pasando un momento muy dif\u00edcil, entonces se est\u00e1 revisando todo lo que se pueda y est\u00e9 al alcance del municipio\u201d.<\/p>\n\n\n\n<p>Finalizando afirm\u00f3 que \u201cla mayor\u00eda de los sectores con los que hemos tenido conversaciones nos han manifestado que est\u00e1n \u00e1vidos de tener un medio de transporte m\u00e1s econ\u00f3mico y eficiente\u201d. Teniendo en cuenta \u201cel tama\u00f1o de los conteiner que habr\u00eda que transportar, todos te dicen que el Puerto de Barcazas cumplir\u00eda eficientemente con esas condiciones\u201d, por lo que \u201ccreemos que tenemos que impulsarlo\u201d.<\/p>\n","protected":false},"excerpt":{"rendered":"<p>El objetivo, seg&uacute;n se&ntilde;alaron desde la comuna, es avanzar con los estudios necesarios para poner en marcha el Puerto de Barcazas en la zona de Benito Leger&eacute;n, de este modo se podr&aacute; agilizar el transporte del sector industrial de la regi&oacute;n. El secretario de Desarrollo Productivo, Federico Shatenoffer, habl&oacute; sobre la reciente visita de la [&hellip;]<\/p>\n","protected":false},"author":2,"featured_media":3122,"comment_status":"open","ping_status":"open","sticky":false,"template":"","format":"standard","meta":{"footnotes":""},"categories":[8],"tags":[854,855,498,398,856,210,853],"class_list":["post-3121","post","type-post","status-publish","format-standard","has-post-thumbnail","hentry","category-provinciales","tag-barcazas","tag-benito-legeren","tag-cecilia-lacava","tag-concordia","tag-federico-shatenoffer","tag-municipalidad","tag-puerto"],"_links":{"self":[{"href":"https:\/\/partediario.com.ar\/index.php?rest_route=\/wp\/v2\/posts\/3121","targetHints":{"allow":["GET"]}}],"collection":[{"href":"https:\/\/partediario.com.ar\/index.php?rest_route=\/wp\/v2\/posts"}],"about":[{"href":"https:\/\/partediario.com.ar\/index.php?rest_route=\/wp\/v2\/types\/post"}],"author":[{"embeddable":true,"href":"https:\/\/partediario.com.ar\/index.php?rest_route=\/wp\/v2\/users\/2"}],"replies":[{"embeddable":true,"href":"https:\/\/partediario.com.ar\/index.php?rest_route=%2Fwp%2Fv2%2Fcomments&post=3121"}],"version-history":[{"count":1,"href":"https:\/\/partediario.com.ar\/index.php?rest_route=\/wp\/v2\/posts\/3121\/revisions"}],"predecessor-version":[{"id":3123,"href":"https:\/\/partediario.com.ar\/index.php?rest_route=\/wp\/v2\/posts\/3121\/revisions\/3123"}],"wp:featuredmedia":[{"embeddable":true,"href":"https:\/\/partediario.com.ar\/index.php?rest_route=\/wp\/v2\/media\/3122"}],"wp:attachment":[{"href":"https:\/\/partediario.com.ar\/index.php?rest_route=%2Fwp%2Fv2%2Fmedia&parent=3121"}],"wp:term":[{"taxonomy":"category","embeddable":true,"href":"https:\/\/partediario.com.ar\/index.php?rest_route=%2Fwp%2Fv2%2Fcategories&post=3121"},{"taxonomy":"post_tag","embeddable":true,"href":"https:\/\/partediario.com.ar\/index.php?rest_route=%2Fwp%2Fv2%2Ftags&post=3121"}],"curies":[{"name":"wp","href":"https:\/\/api.w.org\/{rel}","templated":true}]}}