{"id":3124,"date":"2024-06-23T10:40:32","date_gmt":"2024-06-23T13:40:32","guid":{"rendered":"https:\/\/partediario.com.ar\/?p=3124"},"modified":"2024-06-23T10:40:33","modified_gmt":"2024-06-23T13:40:33","slug":"desaparicion-de-loan-patricia-bullrich-brindo-detalles-de-como-avanza-la-investigacion","status":"publish","type":"post","link":"https:\/\/partediario.com.ar\/?p=3124","title":{"rendered":"Desaparici\u00f3n de Loan: Patricia Bullrich brind\u00f3 detalles de c\u00f3mo avanza la investigaci\u00f3n"},"content":{"rendered":"\n<h3 class=\"wp-block-heading\">La ministra de Seguridad habl\u00f3 sobre el caso que conmociona al pa\u00eds y se\u00f1al\u00f3 que \u00abhan puesto a disposici\u00f3n personal especializado, perros, Polic\u00eda Cient\u00edfica, Prefectura Naval Argentina y Gendarmer\u00eda\u00bb.<\/h3>\n\n\n\n<p>La ministra de Seguridad de la Naci\u00f3n, Patricia Bullrich, habl\u00f3 sobre el caso Loan y brind\u00f3 detalles sobre el trabajo que est\u00e1 realizando el Gobierno para encontrar al ni\u00f1o que lleva 10 d\u00edas desaparecido.<\/p>\n\n\n\n<p>\u00abEl Ministerio de Seguridad de la Naci\u00f3n est\u00e1 involucrado en el caso de la desaparici\u00f3n de Loan Danilo Pe\u00f1a en todos los requerimientos que la Justicia de la provincia de Corrientes nos pide. Hemos puesto a disposici\u00f3n personal especializado, perros, Polic\u00eda Cient\u00edfica, Prefectura Naval Argentina y Gendarmer\u00eda Nacional Argentina para poder encontrar al ni\u00f1o\u00bb, escribi\u00f3 Bullrich en su cuenta de X.<\/p>\n\n\n\n<p><\/p>\n\n\n\n<blockquote class=\"twitter-tweet\"><p lang=\"es\" dir=\"ltr\">CASO LOAN<br><br>El Ministerio de Seguridad de la Naci\u00f3n est\u00e1 involucrado en el caso de la desaparici\u00f3n de Loan Danilo Pe\u00f1a en todos los requerimientos que la Justicia de la provincia de Corrientes nos pide.<br><br>Hemos puesto a disposici\u00f3n personal especializado, perros, Polic\u00eda\u2026<\/p>&mdash; Patricia Bullrich (@PatoBullrich) <a href=\"https:\/\/twitter.com\/PatoBullrich\/status\/1804862550284067248?ref_src=twsrc%5Etfw\">June 23, 2024<\/a><\/blockquote> <script async src=\"https:\/\/platform.twitter.com\/widgets.js\" charset=\"utf-8\"><\/script>\n\n\n\n<p><\/p>\n\n\n\n<p>Y agreg\u00f3: \u00abEn este marco, el Ministerio debe cumplir con el resguardo de la informaci\u00f3n para cuidar la integridad de la causa. No es que no demos informaci\u00f3n, sino que la preservamos de manera profesional para lograr el objetivo que es encontrar a la criatura\u00bb.<\/p>\n\n\n\n<p>\u00abQuiero aclarar que estamos desde el primer d\u00eda trabajando con todas nuestras capacidades. No somos comentaristas del caso, estamos abocados a resolverlo\u00bb, aclar\u00f3 Bullrich.<\/p>\n\n\n\n<p>Y complet\u00f3: \u00abLes pido que utilicen la L\u00ednea 134 para aportar cualquier informaci\u00f3n que sirva para esclarecer la causa, con responsabilidad, ya que investigaremos cada llamado con la seriedad que el caso demanda\u00bb.<\/p>\n","protected":false},"excerpt":{"rendered":"<p>La ministra de Seguridad habl&oacute; sobre el caso que conmociona al pa&iacute;s y se&ntilde;al&oacute; que &laquo;han puesto a disposici&oacute;n personal especializado, perros, Polic&iacute;a Cient&iacute;fica, Prefectura Naval Argentina y Gendarmer&iacute;a&raquo;. La ministra de Seguridad de la Naci&oacute;n, Patricia Bullrich, habl&oacute; sobre el caso Loan y brind&oacute; detalles sobre el trabajo que est&aacute; realizando el Gobierno para [&hellip;]<\/p>\n","protected":false},"author":2,"featured_media":3125,"comment_status":"open","ping_status":"open","sticky":false,"template":"","format":"standard","meta":{"footnotes":""},"categories":[5,7],"tags":[448,522,489,510,434],"class_list":["post-3124","post","type-post","status-publish","format-standard","has-post-thumbnail","hentry","category-nacionales","category-policiales","tag-corrientes","tag-gendarmeria","tag-loan-danilo-pena","tag-patricia-bullrich","tag-prefectura-naval"],"_links":{"self":[{"href":"https:\/\/partediario.com.ar\/index.php?rest_route=\/wp\/v2\/posts\/3124","targetHints":{"allow":["GET"]}}],"collection":[{"href":"https:\/\/partediario.com.ar\/index.php?rest_route=\/wp\/v2\/posts"}],"about":[{"href":"https:\/\/partediario.com.ar\/index.php?rest_route=\/wp\/v2\/types\/post"}],"author":[{"embeddable":true,"href":"https:\/\/partediario.com.ar\/index.php?rest_route=\/wp\/v2\/users\/2"}],"replies":[{"embeddable":true,"href":"https:\/\/partediario.com.ar\/index.php?rest_route=%2Fwp%2Fv2%2Fcomments&post=3124"}],"version-history":[{"count":1,"href":"https:\/\/partediario.com.ar\/index.php?rest_route=\/wp\/v2\/posts\/3124\/revisions"}],"predecessor-version":[{"id":3126,"href":"https:\/\/partediario.com.ar\/index.php?rest_route=\/wp\/v2\/posts\/3124\/revisions\/3126"}],"wp:featuredmedia":[{"embeddable":true,"href":"https:\/\/partediario.com.ar\/index.php?rest_route=\/wp\/v2\/media\/3125"}],"wp:attachment":[{"href":"https:\/\/partediario.com.ar\/index.php?rest_route=%2Fwp%2Fv2%2Fmedia&parent=3124"}],"wp:term":[{"taxonomy":"category","embeddable":true,"href":"https:\/\/partediario.com.ar\/index.php?rest_route=%2Fwp%2Fv2%2Fcategories&post=3124"},{"taxonomy":"post_tag","embeddable":true,"href":"https:\/\/partediario.com.ar\/index.php?rest_route=%2Fwp%2Fv2%2Ftags&post=3124"}],"curies":[{"name":"wp","href":"https:\/\/api.w.org\/{rel}","templated":true}]}}