{"id":3127,"date":"2024-06-23T10:49:06","date_gmt":"2024-06-23T13:49:06","guid":{"rendered":"https:\/\/partediario.com.ar\/?p=3127"},"modified":"2024-06-23T10:49:07","modified_gmt":"2024-06-23T13:49:07","slug":"donald-trump-ya-tiene-decidido-quien-sera-su-candidato-a-vicepresidente","status":"publish","type":"post","link":"https:\/\/partediario.com.ar\/?p=3127","title":{"rendered":"Donald Trump ya tiene decidido qui\u00e9n ser\u00e1 su candidato a vicepresidente"},"content":{"rendered":"\n<p><strong>El expresidente busca volver a la Casa Blanca y este s\u00e1bado confirm\u00f3 que ya ha seleccionado a su compa\u00f1ero de f\u00f3rmula, pero opt\u00f3 por no revelar su identidad.<\/strong><\/p>\n\n\n\n<p>Donald Trump, el cuestionado expresidente de los Estados Unidos, confirm\u00f3 que ya ha seleccionado a su compa\u00f1ero de f\u00f3rmula para las elecciones presidenciales de noviembre, aunque por el momento mantiene en secreto su identidad.<\/p>\n\n\n\n<p>Durante una entrevista con NBC News, Trump se\u00f1al\u00f3 que tiene un nombre en mente, pero se ha abstenido de comunicarlo incluso a los posibles candidatos.<\/p>\n\n\n\n<p>El suspenso sobre la identidad del elegido sigue intacto y Trump sugiere que podr\u00eda revelarla en el pr\u00f3ximo debate presidencial en Atlanta, donde se enfrentar\u00e1 al actual presidente Joe Biden.<\/p>\n\n\n\n<p>Entre los nombres que suenan con posibilidades para acompa\u00f1ar a Trump est\u00e1n el gobernador de Dakota del Norte, Doug Burgum; el senador por Ohio, JD Vance; y el senador por Florida, Marco Rubio. Cada uno representa una facci\u00f3n dentro del partido Republicano, y la elecci\u00f3n final de Trump podr\u00eda ser determinante para su campa\u00f1a.<\/p>\n\n\n\n<p>Se aguarda que el anuncio oficial se haga en la Convenci\u00f3n Nacional Republicana, prevista para comenzar el 15 de julio en Milwaukee, Wisconsin. Esta convenci\u00f3n marcar\u00e1 un momento crucial en la carrera hacia la Casa Blanca, posicionando a Trump una vez m\u00e1s en el centro de la escena pol\u00edtica estadounidense.<\/p>\n\n\n\n<p>Adem\u00e1s de su campa\u00f1a presidencial, Trump aprovech\u00f3 recientes eventos para recurri\u00f3 a sus bases m\u00e1s leales, instando a los evang\u00e9licos estadounidenses a votar masivamente en noviembre. Durante un discurso en Washington, Trump se comprometi\u00f3 a proteger la libertad religiosa y manifest\u00f3 su determinaci\u00f3n de continuar influyendo en la composici\u00f3n de la Corte Suprema, recordando su papel en la nominaci\u00f3n de jueces conservadores que han cambiado significativamente el panorama legal del pa\u00eds, con decisiones controversiales como la prohibici\u00f3n del aborto.<\/p>\n\n\n\n<p>Este enfoque en los valores conservadores y religiosos parece ser una estrategia clave de Trump para movilizar a su electorado en un momento en que, seg\u00fan estudios, la influencia de la religi\u00f3n en Estados Unidos est\u00e1 en declive. Con este panorama, el expresidente busca no solo volver a la Casa Blanca, sino tambi\u00e9n reafirmar su influencia en el Partido Republicano y en la pol\u00edtica de su pa\u00eds.<\/p>\n","protected":false},"excerpt":{"rendered":"<p>El expresidente busca volver a la Casa Blanca y este s&aacute;bado confirm&oacute; que ya ha seleccionado a su compa&ntilde;ero de f&oacute;rmula, pero opt&oacute; por no revelar su identidad. Donald Trump, el cuestionado expresidente de los Estados Unidos, confirm&oacute; que ya ha seleccionado a su compa&ntilde;ero de f&oacute;rmula para las elecciones presidenciales de noviembre, aunque por [&hellip;]<\/p>\n","protected":false},"author":2,"featured_media":3128,"comment_status":"open","ping_status":"open","sticky":false,"template":"","format":"standard","meta":{"footnotes":""},"categories":[9],"tags":[857,858],"class_list":["post-3127","post","type-post","status-publish","format-standard","has-post-thumbnail","hentry","category-internacionales","tag-donald-trump","tag-vicepresidente"],"_links":{"self":[{"href":"https:\/\/partediario.com.ar\/index.php?rest_route=\/wp\/v2\/posts\/3127","targetHints":{"allow":["GET"]}}],"collection":[{"href":"https:\/\/partediario.com.ar\/index.php?rest_route=\/wp\/v2\/posts"}],"about":[{"href":"https:\/\/partediario.com.ar\/index.php?rest_route=\/wp\/v2\/types\/post"}],"author":[{"embeddable":true,"href":"https:\/\/partediario.com.ar\/index.php?rest_route=\/wp\/v2\/users\/2"}],"replies":[{"embeddable":true,"href":"https:\/\/partediario.com.ar\/index.php?rest_route=%2Fwp%2Fv2%2Fcomments&post=3127"}],"version-history":[{"count":1,"href":"https:\/\/partediario.com.ar\/index.php?rest_route=\/wp\/v2\/posts\/3127\/revisions"}],"predecessor-version":[{"id":3129,"href":"https:\/\/partediario.com.ar\/index.php?rest_route=\/wp\/v2\/posts\/3127\/revisions\/3129"}],"wp:featuredmedia":[{"embeddable":true,"href":"https:\/\/partediario.com.ar\/index.php?rest_route=\/wp\/v2\/media\/3128"}],"wp:attachment":[{"href":"https:\/\/partediario.com.ar\/index.php?rest_route=%2Fwp%2Fv2%2Fmedia&parent=3127"}],"wp:term":[{"taxonomy":"category","embeddable":true,"href":"https:\/\/partediario.com.ar\/index.php?rest_route=%2Fwp%2Fv2%2Fcategories&post=3127"},{"taxonomy":"post_tag","embeddable":true,"href":"https:\/\/partediario.com.ar\/index.php?rest_route=%2Fwp%2Fv2%2Ftags&post=3127"}],"curies":[{"name":"wp","href":"https:\/\/api.w.org\/{rel}","templated":true}]}}