{"id":3140,"date":"2024-06-23T13:16:36","date_gmt":"2024-06-23T16:16:36","guid":{"rendered":"https:\/\/partediario.com.ar\/?p=3140"},"modified":"2024-06-23T13:16:37","modified_gmt":"2024-06-23T16:16:37","slug":"bolsonaristas-condenados-por-intento-de-golpe-de-estado-y-profugos-de-la-justicia-solicitarian-refugio-en-la-argentina","status":"publish","type":"post","link":"https:\/\/partediario.com.ar\/?p=3140","title":{"rendered":"Bolsonaristas condenados por intento de golpe de Estado, y pr\u00f3fugos de la Justicia, solicitar\u00edan refugio en la Argentina"},"content":{"rendered":"\n<h3 class=\"wp-block-heading\">Se trata de pr\u00f3fugos de la Justicia brasilera que fueron condenados por el ataque a los tres poderes del Estado, el 8 de enero de 2023. La Comisi\u00f3n Nacional para los Refugiados (CONARE) calcula que ese ser\u00e1 el n\u00famero de brasile\u00f1os, pr\u00f3fugos de la justicia, que pedir\u00e1n refugio en la Argentina de Javier Milei en las pr\u00f3ximas semanas.<\/h3>\n\n\n\n<p>El total de condenados por el ataque a los tres poderes, el 8 de enero de 2023, rondar\u00e1 en una cifra que se ubicar\u00e1 entre los 1.400 y 1.600. De ellos, la mayor\u00eda cruzaron -o cruzar\u00e1n- a la Argentina, aprovechando la sinton\u00eda ideol\u00f3gica de Javier Milei y La Libertad Avanza (LLA) con Jair Bolsonaro y su hijo Eduardo.<\/p>\n\n\n\n<p>Hasta ahora, alrededor de 100 pidieron refugio, aunque la cifra es confidencial porque as\u00ed lo indica la ley 26.165. Pero entre los que se presentaron, por ejemplo, la mayor\u00eda pide refugio adem\u00e1s para su c\u00edrculo familiar: en algunos casos cinco integrantes. Por ahora, se les dio lo que se conoce como entrevista de elegibilidad, un encuentro en la CONARE donde exponen los argumentos para solicitar asilo.<\/p>\n\n\n\n<p>En todos los casos son bolsonaristas afiebrados -en los d\u00edas que llevan a la Argentina aprendieron y se gastan a ellos mismos como \u00abtermos\u00bb-, precisan que aquello no fue un golpe sino \u00abun pedido de intervenci\u00f3n militar\u00bb, que el proceso electoral y luego el judicial fueron irregulares, que por eso rompieron las tornazaleiras (tobilleras) y cruzaron la frontera. Las detenciones segu\u00edan este fin de semana, lo que hace prever que el ingreso a la Argentina se mantenga o incluso aumente.<\/p>\n\n\n\n<p>La vida de los integrantes de la CONARE transcurr\u00eda m\u00e1s bien tranquila, con una reuni\u00f3n por mes. La Comisi\u00f3n para los Refugiados funciona en la \u00f3rbita del Ministerio del Interior y tiene un representante de esa cartera, uno de Canciller\u00eda, uno de Desarrollo Social, uno de Justicia y uno del desaparecido INADI, adem\u00e1s del Alto Comisionado de las Naciones Unidas para los Refugiados (ACNUR), que tiene voz, pero no voto. En esa misma condici\u00f3n hay otra organizaci\u00f3n no gubernamental.<\/p>\n\n\n\n<p>Hasta el momento la CONARE recibi\u00f3 unos cien pedidos de refugio y a todos se los cit\u00f3 a la entrevista de elegibilidad, en que el refugiado expone sus argumentos, muchas veces acompa\u00f1ado por un abogado. El pedido inicial de refugio ya les concede un status provisorio que les permite quedarse en Argentina.<\/p>\n\n\n\n<p>A partir de ese punto, comienza un largo proceso, que el gobierno de Milei har\u00e1 todav\u00eda m\u00e1s largo que lo habitual. Al principio, los brasile\u00f1os alardeaban en Plaza de Mayo y daban entrevistas a los medios de su pa\u00eds. Ahora se empezaron a asustar y est\u00e1n guardados, porque temen que esas provocaciones puedan generar en una expulsi\u00f3n de la Argentina.<\/p>\n\n\n\n<p>Brasil observar\u00e1 el proceso y si advierte que a los pr\u00f3fugos les dan protecci\u00f3n de manera irregular, endurecer\u00e1 la relaci\u00f3n con nuestro pa\u00eds a\u00fan m\u00e1s. Y trat\u00e1ndose del principal socio comercial de la Argentina, ser\u00eda muy imprudente generar a\u00fan m\u00e1s rispideces entre ambos pa\u00edses.<\/p>\n","protected":false},"excerpt":{"rendered":"<p>Se trata de pr&oacute;fugos de la Justicia brasilera que fueron condenados por el ataque a los tres poderes del Estado, el 8 de enero de 2023. La Comisi&oacute;n Nacional para los Refugiados (CONARE) calcula que ese ser&aacute; el n&uacute;mero de brasile&ntilde;os, pr&oacute;fugos de la justicia, que pedir&aacute;n refugio en la Argentina de Javier Milei en [&hellip;]<\/p>\n","protected":false},"author":2,"featured_media":3141,"comment_status":"open","ping_status":"open","sticky":false,"template":"","format":"standard","meta":{"footnotes":""},"categories":[5,176],"tags":[563,864,865,863,862,866,232,393],"class_list":["post-3140","post","type-post","status-publish","format-standard","has-post-thumbnail","hentry","category-nacionales","category-politica","tag-brasil","tag-brasileros","tag-conare","tag-estado","tag-golpe","tag-jair-bolsonaro","tag-javier-milei","tag-lla"],"_links":{"self":[{"href":"https:\/\/partediario.com.ar\/index.php?rest_route=\/wp\/v2\/posts\/3140","targetHints":{"allow":["GET"]}}],"collection":[{"href":"https:\/\/partediario.com.ar\/index.php?rest_route=\/wp\/v2\/posts"}],"about":[{"href":"https:\/\/partediario.com.ar\/index.php?rest_route=\/wp\/v2\/types\/post"}],"author":[{"embeddable":true,"href":"https:\/\/partediario.com.ar\/index.php?rest_route=\/wp\/v2\/users\/2"}],"replies":[{"embeddable":true,"href":"https:\/\/partediario.com.ar\/index.php?rest_route=%2Fwp%2Fv2%2Fcomments&post=3140"}],"version-history":[{"count":1,"href":"https:\/\/partediario.com.ar\/index.php?rest_route=\/wp\/v2\/posts\/3140\/revisions"}],"predecessor-version":[{"id":3142,"href":"https:\/\/partediario.com.ar\/index.php?rest_route=\/wp\/v2\/posts\/3140\/revisions\/3142"}],"wp:featuredmedia":[{"embeddable":true,"href":"https:\/\/partediario.com.ar\/index.php?rest_route=\/wp\/v2\/media\/3141"}],"wp:attachment":[{"href":"https:\/\/partediario.com.ar\/index.php?rest_route=%2Fwp%2Fv2%2Fmedia&parent=3140"}],"wp:term":[{"taxonomy":"category","embeddable":true,"href":"https:\/\/partediario.com.ar\/index.php?rest_route=%2Fwp%2Fv2%2Fcategories&post=3140"},{"taxonomy":"post_tag","embeddable":true,"href":"https:\/\/partediario.com.ar\/index.php?rest_route=%2Fwp%2Fv2%2Ftags&post=3140"}],"curies":[{"name":"wp","href":"https:\/\/api.w.org\/{rel}","templated":true}]}}