{"id":3161,"date":"2024-06-23T19:16:30","date_gmt":"2024-06-23T22:16:30","guid":{"rendered":"https:\/\/partediario.com.ar\/?p=3161"},"modified":"2024-06-23T19:16:31","modified_gmt":"2024-06-23T22:16:31","slug":"alejandra-monteoliva-es-la-nueva-secretaria-de-seguridad-designada-por-patricia-bullrich","status":"publish","type":"post","link":"https:\/\/partediario.com.ar\/?p=3161","title":{"rendered":"Alejandra Monteoliva es la nueva Secretaria de Seguridad designada por Patricia Bullrich"},"content":{"rendered":"\n<p><strong>La ministra la eligi\u00f3 como reemplazante de Vicente Ventura Barreiro, quien fue despedido y denunciado ante la Oficina Anticorrupci\u00f3n.<\/strong><\/p>\n\n\n\n<p>Un d\u00eda despu\u00e9s de echar y denunciar ante la Oficina Anticorrupci\u00f3n a Vicente Ventura Barreiro, la ministra de Seguridad Patricia Bullrich ya eligi\u00f3 a su reemplazante, se trata de Alejandra Monteoliva, quien asumir\u00e1 como la nueva secretaria de Seguridad.<\/p>\n\n\n\n<p>La flamante secretaria fue ministra de Seguridad de C\u00f3rdoba durante el gobierno de Juan Manuel De la Sota, Directora Nacional de Operaciones en el Ministerio de Seguridad de Patricia Bullrich durante el gobierno de Cambiemos, y posteriormente trabaj\u00f3 como asesora en materia de seguridad en la municipalidad de Vicente L\u00f3pez junto a Jorge Macri.<\/p>\n\n\n\n<p>Al Gobierno de De la Sota, Monteoliva arrib\u00f3 con un destacado curr\u00edculum y la promesa de implementar pol\u00edticas innovadoras de seguridad, lucha contra el narcotr\u00e1fico y recuperaci\u00f3n del espacio p\u00fablico. Estuvo en el cargo s\u00f3lo tres meses, entre septiembre de 2013 a diciembre de ese a\u00f1o.<\/p>\n\n\n\n<p>Fue el fusible que escogi\u00f3 De la Sota tras la crisis del \u201cparo policial\u201d. Monteoliva qued\u00f3 como principal responsable.<\/p>\n\n\n\n<p>Entre 2015 y 2020 ocup\u00f3 cargos como Directora Nacional de Gesti\u00f3n de Informaci\u00f3n Criminal, primero, y como Directora de Operaciones de las Fuerzas Federales, luego.<\/p>\n","protected":false},"excerpt":{"rendered":"<p>La ministra la eligi&oacute; como reemplazante de Vicente Ventura Barreiro, quien fue despedido y denunciado ante la Oficina Anticorrupci&oacute;n. Un d&iacute;a despu&eacute;s de echar y denunciar ante la Oficina Anticorrupci&oacute;n a Vicente Ventura Barreiro, la ministra de Seguridad Patricia Bullrich ya eligi&oacute; a su reemplazante, se trata de Alejandra Monteoliva, quien asumir&aacute; como la nueva [&hellip;]<\/p>\n","protected":false},"author":2,"featured_media":3162,"comment_status":"open","ping_status":"open","sticky":false,"template":"","format":"standard","meta":{"footnotes":""},"categories":[5,176],"tags":[885,884,886,510,888],"class_list":["post-3161","post","type-post","status-publish","format-standard","has-post-thumbnail","hentry","category-nacionales","category-politica","tag-alejandra-monteoliva","tag-designo","tag-juan-manuel-de-la-sota","tag-patricia-bullrich","tag-seguridad"],"_links":{"self":[{"href":"https:\/\/partediario.com.ar\/index.php?rest_route=\/wp\/v2\/posts\/3161","targetHints":{"allow":["GET"]}}],"collection":[{"href":"https:\/\/partediario.com.ar\/index.php?rest_route=\/wp\/v2\/posts"}],"about":[{"href":"https:\/\/partediario.com.ar\/index.php?rest_route=\/wp\/v2\/types\/post"}],"author":[{"embeddable":true,"href":"https:\/\/partediario.com.ar\/index.php?rest_route=\/wp\/v2\/users\/2"}],"replies":[{"embeddable":true,"href":"https:\/\/partediario.com.ar\/index.php?rest_route=%2Fwp%2Fv2%2Fcomments&post=3161"}],"version-history":[{"count":1,"href":"https:\/\/partediario.com.ar\/index.php?rest_route=\/wp\/v2\/posts\/3161\/revisions"}],"predecessor-version":[{"id":3163,"href":"https:\/\/partediario.com.ar\/index.php?rest_route=\/wp\/v2\/posts\/3161\/revisions\/3163"}],"wp:featuredmedia":[{"embeddable":true,"href":"https:\/\/partediario.com.ar\/index.php?rest_route=\/wp\/v2\/media\/3162"}],"wp:attachment":[{"href":"https:\/\/partediario.com.ar\/index.php?rest_route=%2Fwp%2Fv2%2Fmedia&parent=3161"}],"wp:term":[{"taxonomy":"category","embeddable":true,"href":"https:\/\/partediario.com.ar\/index.php?rest_route=%2Fwp%2Fv2%2Fcategories&post=3161"},{"taxonomy":"post_tag","embeddable":true,"href":"https:\/\/partediario.com.ar\/index.php?rest_route=%2Fwp%2Fv2%2Ftags&post=3161"}],"curies":[{"name":"wp","href":"https:\/\/api.w.org\/{rel}","templated":true}]}}