{"id":3164,"date":"2024-06-23T21:20:50","date_gmt":"2024-06-24T00:20:50","guid":{"rendered":"https:\/\/partediario.com.ar\/?p=3164"},"modified":"2024-06-23T21:20:51","modified_gmt":"2024-06-24T00:20:51","slug":"burlando-se-sumara-como-abogado-de-la-familia-de-loan-se-perdio-mucho-tiempo-manifesto","status":"publish","type":"post","link":"https:\/\/partediario.com.ar\/?p=3164","title":{"rendered":"Burlando se sumar\u00e1 como abogado de la familia de Loan: \u201cSe perdi\u00f3 mucho tiempo\u201d, manifest\u00f3"},"content":{"rendered":"\n<h3 class=\"wp-block-heading\"><strong>Fernando Burlando confirm\u00f3 que se sumar\u00e1 como abogado de la familia de Loan. \u201cSe perdi\u00f3 mucho tiempo\u201d, expres\u00f3.<\/strong><\/h3>\n\n\n\n<p>En esa l\u00ednea se\u00f1al\u00f3: \u00abEstamos ultimando detalles con uno de los hermanos de Loan y los colegas que est\u00e1n trabajando desde all\u00e1 para poder colaborar y sumarnos a este trabajo sumamente que es delicado y complicado\u00bb.<\/p>\n\n\n\n<p>Adem\u00e1s analiz\u00f3 la situaci\u00f3n de los delitos que estar\u00edan en juego: \u00abSon delitos cuyas investigaciones tienen que marchar de manera acelerada y contundente en los primeros momentos. Este momento es tiempo de p\u00e9rdida mientras que no se encuentre a Loan\u00bb, apunt\u00f3.<\/p>\n\n\n\n<p>\u00abEsto se ha metido en todos los hogares. No podemos permitirnos que esto le pase a ninguna criatura. Parece que vivimos en una realidad del pasado\u00bb, dijo Burlando y a\u00f1adi\u00f3: \u00abLa trata no es broma, es algo que existe no solo en Argentina. Lo primero es que hay que entender es que esto es una triste realidad\u00bb.<\/p>\n\n\n\n<p>En relaci\u00f3n a los detenidos, precis\u00f3 que hubo contradicci\u00f3n en las declaraciones: \u00abEs prueba que los compromete. Mi recomendaci\u00f3n es que aporten algo\u00bb.<\/p>\n\n\n\n<p>En ese contexto, argument\u00f3: \u00abAhora los colegas tendr\u00edan que apuntar los ca\u00f1ones para generar una situaci\u00f3n de compromiso. Para mi, son una organizaci\u00f3n\u00bb.<\/p>\n","protected":false},"excerpt":{"rendered":"<p>Fernando Burlando confirm&oacute; que se sumar&aacute; como abogado de la familia de Loan. &ldquo;Se perdi&oacute; mucho tiempo&rdquo;, expres&oacute;. En esa l&iacute;nea se&ntilde;al&oacute;: &laquo;Estamos ultimando detalles con uno de los hermanos de Loan y los colegas que est&aacute;n trabajando desde all&aacute; para poder colaborar y sumarnos a este trabajo sumamente que es delicado y complicado&raquo;. Adem&aacute;s [&hellip;]<\/p>\n","protected":false},"author":2,"featured_media":3165,"comment_status":"open","ping_status":"open","sticky":false,"template":"","format":"standard","meta":{"footnotes":""},"categories":[5,7],"tags":[448,889,489],"class_list":["post-3164","post","type-post","status-publish","format-standard","has-post-thumbnail","hentry","category-nacionales","category-policiales","tag-corrientes","tag-fernando-burlando","tag-loan-danilo-pena"],"_links":{"self":[{"href":"https:\/\/partediario.com.ar\/index.php?rest_route=\/wp\/v2\/posts\/3164","targetHints":{"allow":["GET"]}}],"collection":[{"href":"https:\/\/partediario.com.ar\/index.php?rest_route=\/wp\/v2\/posts"}],"about":[{"href":"https:\/\/partediario.com.ar\/index.php?rest_route=\/wp\/v2\/types\/post"}],"author":[{"embeddable":true,"href":"https:\/\/partediario.com.ar\/index.php?rest_route=\/wp\/v2\/users\/2"}],"replies":[{"embeddable":true,"href":"https:\/\/partediario.com.ar\/index.php?rest_route=%2Fwp%2Fv2%2Fcomments&post=3164"}],"version-history":[{"count":1,"href":"https:\/\/partediario.com.ar\/index.php?rest_route=\/wp\/v2\/posts\/3164\/revisions"}],"predecessor-version":[{"id":3166,"href":"https:\/\/partediario.com.ar\/index.php?rest_route=\/wp\/v2\/posts\/3164\/revisions\/3166"}],"wp:featuredmedia":[{"embeddable":true,"href":"https:\/\/partediario.com.ar\/index.php?rest_route=\/wp\/v2\/media\/3165"}],"wp:attachment":[{"href":"https:\/\/partediario.com.ar\/index.php?rest_route=%2Fwp%2Fv2%2Fmedia&parent=3164"}],"wp:term":[{"taxonomy":"category","embeddable":true,"href":"https:\/\/partediario.com.ar\/index.php?rest_route=%2Fwp%2Fv2%2Fcategories&post=3164"},{"taxonomy":"post_tag","embeddable":true,"href":"https:\/\/partediario.com.ar\/index.php?rest_route=%2Fwp%2Fv2%2Ftags&post=3164"}],"curies":[{"name":"wp","href":"https:\/\/api.w.org\/{rel}","templated":true}]}}