{"id":3185,"date":"2024-06-24T09:35:14","date_gmt":"2024-06-24T12:35:14","guid":{"rendered":"https:\/\/partediario.com.ar\/?p=3185"},"modified":"2024-06-24T09:35:15","modified_gmt":"2024-06-24T12:35:15","slug":"crespo-hondo-pesar-por-la-muerte-de-un-empresario-y-concejal","status":"publish","type":"post","link":"https:\/\/partediario.com.ar\/?p=3185","title":{"rendered":"Crespo: hondo pesar por la muerte de un empresario y concejal"},"content":{"rendered":"\n<p><strong>Falleci\u00f3 el empresario y concejal de Crespo, Hugo Graas. Graas ingres\u00f3 al cuerpo legislativo local luego de las elecciones del 2023.<\/strong><\/p>\n\n\n\n<p>Muri\u00f3 Hugo Graas, empresario de Crespo y concejal de la ciudad desde 2023. El dirigente ten\u00eda 70 a\u00f1os y luchaba contra una dif\u00edcil enfermedad. Sus restos ser\u00e1n velados este lunes y desde la Municipalidad expresaron sus condolencias a la familia.<\/p>\n\n\n\n<p>\u00abEn este momento de profundo pesar, nuestras oraciones se dirigen hacia el eterno descanso de Hugo y el consuelo que tanto necesitan sus seres queridos. Que encuentren fortaleza y paz en este dif\u00edcil momento\u00bb, se\u00f1alaron desde el municipio.<\/p>\n\n\n\n<p>Graas particip\u00f3 activamente en el Club Uni\u00f3n de Crespo, llegando a ocupar la presidencia de esa instituci\u00f3n en 1993. En 1990 presidi\u00f3 la comisi\u00f3n que llev\u00f3 adelante la concreci\u00f3n del proyecto educativo \u201cEscuela 203 Guaran\u00ed\u201d, para el populoso B\u00ba San Lorenzo.<\/p>\n\n\n\n<p>En el \u00e1mbito pol\u00edtico, Grass se involucr\u00f3 activamente en el vecinalismo de Crespo en el a\u00f1o 1998. Fue un entusiasta part\u00edcipe de los momentos fundacionales del Movimiento de Interacci\u00f3n Vecinal, del cual fue presidente y dirigente.<\/p>\n\n\n\n<p>Su compromiso con la comunidad y la pol\u00edtica lo llev\u00f3 a postularse como candidato a intendente (2003) y, en otra ocasi\u00f3n, como candidato a vice intendente por esa fuerza (2007). En las elecciones 2023 fue candidato a concejal por el \u201cFrente Crespo Nos Une\u201d, banca que no pudo asumir por estar dando batalla a la enfermedad que lo ven\u00eda afectado.<\/p>\n\n\n\n<p>Simult\u00e1neamente a su labor en el deporte y la pol\u00edtica, Hugo Graas fue presidente del Parque Industrial de Crespo, donde desempe\u00f1\u00f3 un papel crucial entre los empresarios que trabajaron promoviendo la industria local y el crecimiento del conglomerado productivo. Actualmente ocupaba la vicepresidencia de la comisi\u00f3n de empresarios.<\/p>\n\n\n\n<p>Al Parque Industrial de Crespo lleg\u00f3 en la d\u00e9cada del \u00b490, siendo de los primeros empresarios en radicarse en el lugar.<\/p>\n\n\n\n<p>Su empresa \u201cMetal\u00fargica Santa Mar\u00eda\u201d, se instal\u00f3 all\u00ed en 1994 y con el paso de los a\u00f1os gir\u00f3 su denominaci\u00f3n comercial, tomando el nombre de su fundador: Hugo Graas. All\u00ed se dedic\u00f3 a la fabricaci\u00f3n de carrocer\u00edas y los trabajos de arenado, pintura, el corte y el plegado de chapas y trabajos metal\u00fargicos pesados, entre otros servicios que con el paso de los a\u00f1os fueron incorporando con el paso de los a\u00f1os.<\/p>\n","protected":false},"excerpt":{"rendered":"<p>Falleci&oacute; el empresario y concejal de Crespo, Hugo Graas. Graas ingres&oacute; al cuerpo legislativo local luego de las elecciones del 2023. Muri&oacute; Hugo Graas, empresario de Crespo y concejal de la ciudad desde 2023. El dirigente ten&iacute;a 70 a&ntilde;os y luchaba contra una dif&iacute;cil enfermedad. Sus restos ser&aacute;n velados este lunes y desde la Municipalidad [&hellip;]<\/p>\n","protected":false},"author":2,"featured_media":3186,"comment_status":"open","ping_status":"open","sticky":false,"template":"","format":"standard","meta":{"footnotes":""},"categories":[6],"tags":[275,257,907,908],"class_list":["post-3185","post","type-post","status-publish","format-standard","has-post-thumbnail","hentry","category-locales","tag-crespo","tag-entre-rios","tag-hugo-graas","tag-muerte"],"_links":{"self":[{"href":"https:\/\/partediario.com.ar\/index.php?rest_route=\/wp\/v2\/posts\/3185","targetHints":{"allow":["GET"]}}],"collection":[{"href":"https:\/\/partediario.com.ar\/index.php?rest_route=\/wp\/v2\/posts"}],"about":[{"href":"https:\/\/partediario.com.ar\/index.php?rest_route=\/wp\/v2\/types\/post"}],"author":[{"embeddable":true,"href":"https:\/\/partediario.com.ar\/index.php?rest_route=\/wp\/v2\/users\/2"}],"replies":[{"embeddable":true,"href":"https:\/\/partediario.com.ar\/index.php?rest_route=%2Fwp%2Fv2%2Fcomments&post=3185"}],"version-history":[{"count":1,"href":"https:\/\/partediario.com.ar\/index.php?rest_route=\/wp\/v2\/posts\/3185\/revisions"}],"predecessor-version":[{"id":3187,"href":"https:\/\/partediario.com.ar\/index.php?rest_route=\/wp\/v2\/posts\/3185\/revisions\/3187"}],"wp:featuredmedia":[{"embeddable":true,"href":"https:\/\/partediario.com.ar\/index.php?rest_route=\/wp\/v2\/media\/3186"}],"wp:attachment":[{"href":"https:\/\/partediario.com.ar\/index.php?rest_route=%2Fwp%2Fv2%2Fmedia&parent=3185"}],"wp:term":[{"taxonomy":"category","embeddable":true,"href":"https:\/\/partediario.com.ar\/index.php?rest_route=%2Fwp%2Fv2%2Fcategories&post=3185"},{"taxonomy":"post_tag","embeddable":true,"href":"https:\/\/partediario.com.ar\/index.php?rest_route=%2Fwp%2Fv2%2Ftags&post=3185"}],"curies":[{"name":"wp","href":"https:\/\/api.w.org\/{rel}","templated":true}]}}