{"id":3188,"date":"2024-06-24T09:47:43","date_gmt":"2024-06-24T12:47:43","guid":{"rendered":"https:\/\/partediario.com.ar\/?p=3188"},"modified":"2024-06-24T09:47:44","modified_gmt":"2024-06-24T12:47:44","slug":"desaparicion-de-loan-uno-de-los-detenidos-intento-quitarse-la-vida","status":"publish","type":"post","link":"https:\/\/partediario.com.ar\/?p=3188","title":{"rendered":"Desaparici\u00f3n de Loan: uno de los detenidos intent\u00f3 quitarse la vida"},"content":{"rendered":"\n<p><strong>Se trata de Carlos P\u00e9rez, quien est\u00e1 detenido por su presunta participaci\u00f3n en la desaparici\u00f3n de Loan Danilo Pe\u00f1a. Pidi\u00f3 declarar a cambio de un juicio abreviado.<\/strong><\/p>\n\n\n\n<p>Uno de los detenidos por la desaparici\u00f3n de Loan Pe\u00f1a, el excapit\u00e1n de la Armada Carlos P\u00e9rez, intent\u00f3 quitarse la vida en la seccional sexta de Goya, en Corrientes, y solicit\u00f3 declarar a cambio de un juicio abreviado. Se trata del esposo de Mar\u00eda Victoria Caillava, ambos detenidos por la desaparici\u00f3n del ni\u00f1o correntino, que por estas horas es buscado en Argentina, Paraguay, Brasil, Uruguay y Bolivia.<\/p>\n\n\n\n<p>Sospechado de ser uno de los responsables del secuestro de Loan y con la confirmaci\u00f3n de que traslad\u00f3 al nene de cinco a\u00f1os hacia Chaco, el excapit\u00e1n de nav\u00edo habr\u00eda pedido declarar ante el juez a cambio de un juicio abreviado, sin embargo trascendi\u00f3 que la l\u00ednea del Chaco, ser\u00eda solo un movimiento para desplazar la atenci\u00f3n de las autoridades hacia esa provincia.<\/p>\n\n\n\n<p>Vale recordar que por ahora son seis las personas detenidas por la desaparici\u00f3n del peque\u00f1o Loan Pe\u00f1a, en la peque\u00f1a localidad de 9 de Julio, Corrientes. Tras 11 d\u00edas, toma fuerza la hip\u00f3tesis de que podr\u00eda haber sido secuestrado y que el caso estar\u00eda vinculado a una posible red de trata de personas.<\/p>\n\n\n\n<p>Este lunes indagar\u00e1n en la fiscal\u00eda de Goya a los \u00faltimos tres detenidos que tuvo la causa. Sus declaraciones podr\u00edan ser clave, puntualmente ante la posibilidad que alguno se quiebre durante su testimonio y aporte alg\u00fan dato significativo para la investigaci\u00f3n.<\/p>\n","protected":false},"excerpt":{"rendered":"<p>Se trata de Carlos P&eacute;rez, quien est&aacute; detenido por su presunta participaci&oacute;n en la desaparici&oacute;n de Loan Danilo Pe&ntilde;a. Pidi&oacute; declarar a cambio de un juicio abreviado. Uno de los detenidos por la desaparici&oacute;n de Loan Pe&ntilde;a, el excapit&aacute;n de la Armada Carlos P&eacute;rez, intent&oacute; quitarse la vida en la seccional sexta de Goya, en [&hellip;]<\/p>\n","protected":false},"author":2,"featured_media":3189,"comment_status":"open","ping_status":"open","sticky":false,"template":"","format":"standard","meta":{"footnotes":""},"categories":[5,7],"tags":[790,448,909,489,789],"class_list":["post-3188","post","type-post","status-publish","format-standard","has-post-thumbnail","hentry","category-nacionales","category-policiales","tag-carlos-perez","tag-corrientes","tag-goya","tag-loan-danilo-pena","tag-maria-victoria-caillava"],"_links":{"self":[{"href":"https:\/\/partediario.com.ar\/index.php?rest_route=\/wp\/v2\/posts\/3188","targetHints":{"allow":["GET"]}}],"collection":[{"href":"https:\/\/partediario.com.ar\/index.php?rest_route=\/wp\/v2\/posts"}],"about":[{"href":"https:\/\/partediario.com.ar\/index.php?rest_route=\/wp\/v2\/types\/post"}],"author":[{"embeddable":true,"href":"https:\/\/partediario.com.ar\/index.php?rest_route=\/wp\/v2\/users\/2"}],"replies":[{"embeddable":true,"href":"https:\/\/partediario.com.ar\/index.php?rest_route=%2Fwp%2Fv2%2Fcomments&post=3188"}],"version-history":[{"count":1,"href":"https:\/\/partediario.com.ar\/index.php?rest_route=\/wp\/v2\/posts\/3188\/revisions"}],"predecessor-version":[{"id":3190,"href":"https:\/\/partediario.com.ar\/index.php?rest_route=\/wp\/v2\/posts\/3188\/revisions\/3190"}],"wp:featuredmedia":[{"embeddable":true,"href":"https:\/\/partediario.com.ar\/index.php?rest_route=\/wp\/v2\/media\/3189"}],"wp:attachment":[{"href":"https:\/\/partediario.com.ar\/index.php?rest_route=%2Fwp%2Fv2%2Fmedia&parent=3188"}],"wp:term":[{"taxonomy":"category","embeddable":true,"href":"https:\/\/partediario.com.ar\/index.php?rest_route=%2Fwp%2Fv2%2Fcategories&post=3188"},{"taxonomy":"post_tag","embeddable":true,"href":"https:\/\/partediario.com.ar\/index.php?rest_route=%2Fwp%2Fv2%2Ftags&post=3188"}],"curies":[{"name":"wp","href":"https:\/\/api.w.org\/{rel}","templated":true}]}}