{"id":3195,"date":"2024-06-24T10:19:48","date_gmt":"2024-06-24T13:19:48","guid":{"rendered":"https:\/\/partediario.com.ar\/?p=3195"},"modified":"2024-06-24T10:39:44","modified_gmt":"2024-06-24T13:39:44","slug":"patricia-bullrich-viajo-a-paraguay-por-una-convencion-de-la-oea-y-seguira-de-cerca-el-caso-loan","status":"publish","type":"post","link":"https:\/\/partediario.com.ar\/?p=3195","title":{"rendered":"Patricia Bullrich viaja a Paraguay por una convenci\u00f3n de la OEA y seguir\u00e1 de cerca el caso Loan"},"content":{"rendered":"\n<p><strong>La ministra de Seguridad de Argentina, viajar\u00e1 este martes a Paraguay por una convenci\u00f3n de la OEA. Aprovechar\u00e1 el viaje para ver de cerca los operativos por la desaparici\u00f3n de Loan Danilo Pe\u00f1a.<\/strong><\/p>\n\n\n\n<p>Patricia Bullrich, solicitar\u00e1 que se activen los protocolos para encontrar a Loan Pe\u00f1a en Paraguay, despu\u00e9s que la causa diera un giro de 180 grados. \u00abAyer accedimos a la causa y es una hip\u00f3tesis que el chico est\u00e9 all\u00ed\u00bb, precis\u00f3 la ministra. Igualmente el viaje de la funcionaria hacia el pa\u00eds lim\u00edtrofe estaba programado desde hace tiempo por la realizaci\u00f3n de una convenci\u00f3n de la OEA.<\/p>\n\n\n\n<p>La ministra se trasladar\u00e1 a Paraguay para reunirse con autoridades policiales locales. Seg\u00fan indicaron desde el ministerio, el viaje se debe a la \u00absospecha de que se trate de un caso de trata de personas\u00bb, una de las hip\u00f3tesis que sostienen los investigadores, a 11 d\u00edas de la desaparici\u00f3n del ni\u00f1o.<\/p>\n\n\n\n<p>En di\u00e1logo con Radio Mitre, Bullrich expres\u00f3 que \u00abcomo es una hip\u00f3tesis, queremos que la polic\u00eda de Paraguay trabaje a un ritmo realmente fuerte\u00bb. \u00abAl haber accedido ayer a la causa, la tenemos como una hip\u00f3tesis posible, as\u00ed que ma\u00f1ana voy a estar viendo este caso\u201d, se\u00f1al\u00f3 la funcionaria.<\/p>\n\n\n\n<p>El viaje de la funcionaria ya estaba programado desde hace bastante, de acuerdo a una importante fuente de la cartera de Seguridad. \u00abElla tiene un viaje a Paraguay ma\u00f1ana pero es por una convenci\u00f3n de la OEA\u00bb, subrayaron. El encuentro ser\u00e1 presidido por el Secretario General de la OEA.<\/p>\n\n\n\n<p>La causa que investiga el presunto secuestro de Loan, el ni\u00f1o de 5 a\u00f1os que desapareci\u00f3 el 13 de junio en Corrientes, sum\u00f3 este lunes un nueva cap\u00edtulo, en donde uno de los seis detenidos, Carlos P\u00e9rez, quiso suicidarse en la comisar\u00eda donde est\u00e1 alojado, y adem\u00e1s habr\u00eda pedido hablar a cambio de un juicio abreviado.<\/p>\n","protected":false},"excerpt":{"rendered":"<p>La ministra de Seguridad de Argentina, viajar&aacute; este martes a Paraguay por una convenci&oacute;n de la OEA. Aprovechar&aacute; el viaje para ver de cerca los operativos por la desaparici&oacute;n de Loan Danilo Pe&ntilde;a. Patricia Bullrich, solicitar&aacute; que se activen los protocolos para encontrar a Loan Pe&ntilde;a en Paraguay, despu&eacute;s que la causa diera un giro [&hellip;]<\/p>\n","protected":false},"author":2,"featured_media":3196,"comment_status":"open","ping_status":"open","sticky":false,"template":"","format":"standard","meta":{"footnotes":""},"categories":[5,7],"tags":[489,913,284,510],"class_list":["post-3195","post","type-post","status-publish","format-standard","has-post-thumbnail","hentry","category-nacionales","category-policiales","tag-loan-danilo-pena","tag-oea","tag-paraguay","tag-patricia-bullrich"],"_links":{"self":[{"href":"https:\/\/partediario.com.ar\/index.php?rest_route=\/wp\/v2\/posts\/3195","targetHints":{"allow":["GET"]}}],"collection":[{"href":"https:\/\/partediario.com.ar\/index.php?rest_route=\/wp\/v2\/posts"}],"about":[{"href":"https:\/\/partediario.com.ar\/index.php?rest_route=\/wp\/v2\/types\/post"}],"author":[{"embeddable":true,"href":"https:\/\/partediario.com.ar\/index.php?rest_route=\/wp\/v2\/users\/2"}],"replies":[{"embeddable":true,"href":"https:\/\/partediario.com.ar\/index.php?rest_route=%2Fwp%2Fv2%2Fcomments&post=3195"}],"version-history":[{"count":2,"href":"https:\/\/partediario.com.ar\/index.php?rest_route=\/wp\/v2\/posts\/3195\/revisions"}],"predecessor-version":[{"id":3202,"href":"https:\/\/partediario.com.ar\/index.php?rest_route=\/wp\/v2\/posts\/3195\/revisions\/3202"}],"wp:featuredmedia":[{"embeddable":true,"href":"https:\/\/partediario.com.ar\/index.php?rest_route=\/wp\/v2\/media\/3196"}],"wp:attachment":[{"href":"https:\/\/partediario.com.ar\/index.php?rest_route=%2Fwp%2Fv2%2Fmedia&parent=3195"}],"wp:term":[{"taxonomy":"category","embeddable":true,"href":"https:\/\/partediario.com.ar\/index.php?rest_route=%2Fwp%2Fv2%2Fcategories&post=3195"},{"taxonomy":"post_tag","embeddable":true,"href":"https:\/\/partediario.com.ar\/index.php?rest_route=%2Fwp%2Fv2%2Ftags&post=3195"}],"curies":[{"name":"wp","href":"https:\/\/api.w.org\/{rel}","templated":true}]}}