{"id":3198,"date":"2024-06-24T10:29:53","date_gmt":"2024-06-24T13:29:53","guid":{"rendered":"https:\/\/partediario.com.ar\/?p=3198"},"modified":"2024-06-24T10:29:54","modified_gmt":"2024-06-24T13:29:54","slug":"milei-brindo-detalles-sobre-sus-encuentros-en-el-exterior-y-senalo-que-le-destacan-en-esos-paises","status":"publish","type":"post","link":"https:\/\/partediario.com.ar\/?p=3198","title":{"rendered":"Milei brind\u00f3 detalles sobre sus encuentros en el exterior y se\u00f1al\u00f3 qu\u00e9 le destacan en esos pa\u00edses"},"content":{"rendered":"\n<p><strong>Desde el exterior, el presidente habl\u00f3 sobre su tarea dedicada en bajar la inflaci\u00f3n, tambi\u00e9n habl\u00f3 de las conclusiones de sus encuentros con Scholz y con D\u00edaz Ayuso.<\/strong><\/p>\n\n\n\n<p>El presidente Javier Milei, desde Rep\u00fablica Checa, afirm\u00f3 que en el mundo reconocen la \u201ctarea tit\u00e1nica\u201d que el Gobierno argentino, realiza para bajar la inflaci\u00f3n, y que \u201cponderan la pol\u00edtica social\u201d, la cual consider\u00f3 que tuvo que ser \u201cextremadamente buena\u201d porque, en caso contrario, \u201chubiera sido una cat\u00e1strofe\u201d. Tambi\u00e9n brind\u00f3 detalles de sus encuentros con el canciller alem\u00e1n Olaf Scholz y con la presidenta de la comunidad de Madrid, Isabel D\u00edaz Ayuso.<\/p>\n\n\n\n<p>\u201cNo hay pa\u00eds en el mundo donde no nos reconozcan nuestra tarea tit\u00e1nica en t\u00e9rminos de bajar al inflaci\u00f3n, del ajuste fiscal que estamos haciendo y, lejos de cuestionarnos la pol\u00edtica social, la ponderan porque entienden que, frente a un ajuste de este calibre, la pol\u00edtica social ha tenido que ser extremadamente buena porque, si no hubi\u00e9ramos actuado correctamente, hubiera sido una cat\u00e1strofre\u201d, manifest\u00f3 en declaraciones radiales.<\/p>\n\n\n\n<p><\/p>\n\n\n\n<figure class=\"wp-block-image size-large is-resized\"><img loading=\"lazy\" decoding=\"async\" width=\"1024\" height=\"516\" src=\"https:\/\/partediario.com.ar\/wp-content\/uploads\/2Vb3aJolI_1300x655__1-1024x516.webp\" alt=\"\" class=\"wp-image-3200\" style=\"width:840px;height:auto\" srcset=\"https:\/\/partediario.com.ar\/wp-content\/uploads\/2Vb3aJolI_1300x655__1-1024x516.webp 1024w, https:\/\/partediario.com.ar\/wp-content\/uploads\/2Vb3aJolI_1300x655__1-300x151.webp 300w, https:\/\/partediario.com.ar\/wp-content\/uploads\/2Vb3aJolI_1300x655__1-768x387.webp 768w, https:\/\/partediario.com.ar\/wp-content\/uploads\/2Vb3aJolI_1300x655__1.webp 1300w\" sizes=\"auto, (max-width: 1024px) 100vw, 1024px\" \/><figcaption class=\"wp-element-caption\"><strong>Javier Milei y Olaf Scholz<\/strong><\/figcaption><\/figure>\n\n\n\n<p><\/p>\n\n\n\n<p>Adem\u00e1s precis\u00f3: \u201cEl balance del viaje, desde mi punto de vista, fue un viaje excelente porque hemos tenido una reuni\u00f3n muy positiva con la presidenta de la comunidad de Madrid Isabel D\u00edaz Ayuso y la reuni\u00f3n con el canciller (Olaf) Scholz fue extremadamente positiva donde el ministro alem\u00e1n nos pregunt\u00f3 cerca de c\u00f3mo estaba funcionando el programa econ\u00f3mico dado que tiene un peso importante dentro del Fondo Monetario Internacional, de cu\u00e1les eran las perspectivas hacia futuro\u201d.<\/p>\n\n\n\n<p>Milei alert\u00f3 que con el canciller alem\u00e1n estuvieron \u201chablando acerca de algunos inconvenientes que tuvieron empresas alemanas en Argentina y c\u00f3mo est\u00e1bamos avanzando en la soluci\u00f3n de dichos problemas\u201d. \u201cAbordamos temas respecto a recursos naturales de extremada importancia para Alemania y eso estar\u00eda motivando que se hicieran much\u00edsimas inversiones en Argentina y estuvimos discutiendo el ingreso de Argentina a la OCDE (La Organizaci\u00f3n para la Cooperaci\u00f3n y el Desarrollo Econ\u00f3micos) y la OTAN y lo que tiene que ver en el sentido de la integraci\u00f3n entre el Mercosur y la comunidad econ\u00f3mica europea\u201d, a\u00f1adi\u00f3.<\/p>\n\n\n\n<p>Consultado sobre la inflaci\u00f3n semanal cero, dijo lo siguiente: \u201cEso significa que vamos por el camino correcto, falta mucho pero aparecen indicios de que las cosas est\u00e1n funcionan. Hay sectores a los que les conviene que haya salarios en d\u00f3lares bajos y m\u00e1s pobres y m\u00e1s indigentes y nosotros creemos que funciona de otra manera la situaci\u00f3n\u00bb.<\/p>\n\n\n\n<p>La reuni\u00f3n entre Milei y Scholz fue el domingo pasado, y es el primer encuentro del jefe de Estado libertario con un mandatario socialdem\u00f3crata. El encuentro fue breve, pero sirvi\u00f3 para el presidente de Argentina ratificara ante la principal potencia europea el compromiso de su Gobierno en el apoyo a Ucrania frente a la invasi\u00f3n rusa y el derecho de Israel a defenderse del ataque de Hamas.<\/p>\n","protected":false},"excerpt":{"rendered":"<p>Desde el exterior, el presidente habl&oacute; sobre su tarea dedicada en bajar la inflaci&oacute;n, tambi&eacute;n habl&oacute; de las conclusiones de sus encuentros con Scholz y con D&iacute;az Ayuso. El presidente Javier Milei, desde Rep&uacute;blica Checa, afirm&oacute; que en el mundo reconocen la &ldquo;tarea tit&aacute;nica&rdquo; que el Gobierno argentino, realiza para bajar la inflaci&oacute;n, y que [&hellip;]<\/p>\n","protected":false},"author":2,"featured_media":3199,"comment_status":"open","ping_status":"open","sticky":false,"template":"","format":"standard","meta":{"footnotes":""},"categories":[9,5,176],"tags":[757,232,341,914],"class_list":["post-3198","post","type-post","status-publish","format-standard","has-post-thumbnail","hentry","category-internacionales","category-nacionales","category-politica","tag-isabel-diaz-ayuso","tag-javier-milei","tag-olaf-scholz","tag-republica-checa"],"_links":{"self":[{"href":"https:\/\/partediario.com.ar\/index.php?rest_route=\/wp\/v2\/posts\/3198","targetHints":{"allow":["GET"]}}],"collection":[{"href":"https:\/\/partediario.com.ar\/index.php?rest_route=\/wp\/v2\/posts"}],"about":[{"href":"https:\/\/partediario.com.ar\/index.php?rest_route=\/wp\/v2\/types\/post"}],"author":[{"embeddable":true,"href":"https:\/\/partediario.com.ar\/index.php?rest_route=\/wp\/v2\/users\/2"}],"replies":[{"embeddable":true,"href":"https:\/\/partediario.com.ar\/index.php?rest_route=%2Fwp%2Fv2%2Fcomments&post=3198"}],"version-history":[{"count":1,"href":"https:\/\/partediario.com.ar\/index.php?rest_route=\/wp\/v2\/posts\/3198\/revisions"}],"predecessor-version":[{"id":3201,"href":"https:\/\/partediario.com.ar\/index.php?rest_route=\/wp\/v2\/posts\/3198\/revisions\/3201"}],"wp:featuredmedia":[{"embeddable":true,"href":"https:\/\/partediario.com.ar\/index.php?rest_route=\/wp\/v2\/media\/3199"}],"wp:attachment":[{"href":"https:\/\/partediario.com.ar\/index.php?rest_route=%2Fwp%2Fv2%2Fmedia&parent=3198"}],"wp:term":[{"taxonomy":"category","embeddable":true,"href":"https:\/\/partediario.com.ar\/index.php?rest_route=%2Fwp%2Fv2%2Fcategories&post=3198"},{"taxonomy":"post_tag","embeddable":true,"href":"https:\/\/partediario.com.ar\/index.php?rest_route=%2Fwp%2Fv2%2Ftags&post=3198"}],"curies":[{"name":"wp","href":"https:\/\/api.w.org\/{rel}","templated":true}]}}