{"id":3203,"date":"2024-06-24T10:45:37","date_gmt":"2024-06-24T13:45:37","guid":{"rendered":"https:\/\/partediario.com.ar\/?p=3203"},"modified":"2024-06-24T10:45:38","modified_gmt":"2024-06-24T13:45:38","slug":"la-exfuncionaria-acusada-por-la-desaparicion-de-loan-llego-a-la-fiscalia-de-goya-con-casco-y-chaleco-antibalas","status":"publish","type":"post","link":"https:\/\/partediario.com.ar\/?p=3203","title":{"rendered":"La exfuncionaria acusada por la desaparici\u00f3n de Loan lleg\u00f3 a la Fiscal\u00eda de Goya con \u00abcasco y chaleco antibalas\u00bb"},"content":{"rendered":"\n<p><strong>Mar\u00eda Victoria Caillava est\u00e1 siendo indagada por la desaparici\u00f3n de Loan Danilo Pe\u00f1a, del mismo modo que se har\u00e1 con su marido, Carlos P\u00e9rez, y el comisario Maciel. La mujer lleg\u00f3 esposada, con casco y con chaleco antibalas.<\/strong><\/p>\n\n\n\n<p>La exfuncionaria municipal Mar\u00eda Victoria Caillava ya se encuentra en la Fiscal\u00eda de Goya, en Corrientes, donde es indagada por la desaparici\u00f3n de Loan Pe\u00f1a, el ni\u00f1o de 5 a\u00f1os desaparecido hace 11 d\u00edas atr\u00e1s. La mujer fue trasladada en medio de fuertes medidas de seguridad en un veh\u00edculo oficial ante los gritos de los vecinos que le reclamaban \u00abque hable\u00bb.<\/p>\n\n\n\n<p>La acusada lleg\u00f3 esposada y ten\u00eda colocado un casco y un chaleco antibalas, al tiempo que estaba acompa\u00f1ada en la parte trasera del veh\u00edculo por dos agentes mujeres. En minutos, tambi\u00e9n ser\u00e1n llevados a la Fiscal\u00eda los acusados Carlos P\u00e9rez y Walter Maciel, quienes tambi\u00e9n deben comparecer ante la Justicia.<\/p>\n\n\n\n<p>La mujer, al igual que su pareja, Carlos P\u00e9rez, estar\u00edan m\u00e1s complicados luego de que se detectaran rastros ol\u00edferos de Loan en dos veh\u00edculos: uno con el cual fueron al campo de la abuela del ni\u00f1o a compartir el almuerzo previo a su desaparici\u00f3n, y el otro con el cual viajaron al d\u00eda siguiente a Resistencia, Chaco.<\/p>\n\n\n\n<p>Noticia en desarrollo.<\/p>\n","protected":false},"excerpt":{"rendered":"<p>Mar&iacute;a Victoria Caillava est&aacute; siendo indagada por la desaparici&oacute;n de Loan Danilo Pe&ntilde;a, del mismo modo que se har&aacute; con su marido, Carlos P&eacute;rez, y el comisario Maciel. La mujer lleg&oacute; esposada, con casco y con chaleco antibalas. La exfuncionaria municipal Mar&iacute;a Victoria Caillava ya se encuentra en la Fiscal&iacute;a de Goya, en Corrientes, donde [&hellip;]<\/p>\n","protected":false},"author":2,"featured_media":3204,"comment_status":"open","ping_status":"open","sticky":false,"template":"","format":"standard","meta":{"footnotes":""},"categories":[5,7],"tags":[448,353,909,489,789,791],"class_list":["post-3203","post","type-post","status-publish","format-standard","has-post-thumbnail","hentry","category-nacionales","category-policiales","tag-corrientes","tag-fiscalia","tag-goya","tag-loan-danilo-pena","tag-maria-victoria-caillava","tag-walter-maciel"],"_links":{"self":[{"href":"https:\/\/partediario.com.ar\/index.php?rest_route=\/wp\/v2\/posts\/3203","targetHints":{"allow":["GET"]}}],"collection":[{"href":"https:\/\/partediario.com.ar\/index.php?rest_route=\/wp\/v2\/posts"}],"about":[{"href":"https:\/\/partediario.com.ar\/index.php?rest_route=\/wp\/v2\/types\/post"}],"author":[{"embeddable":true,"href":"https:\/\/partediario.com.ar\/index.php?rest_route=\/wp\/v2\/users\/2"}],"replies":[{"embeddable":true,"href":"https:\/\/partediario.com.ar\/index.php?rest_route=%2Fwp%2Fv2%2Fcomments&post=3203"}],"version-history":[{"count":1,"href":"https:\/\/partediario.com.ar\/index.php?rest_route=\/wp\/v2\/posts\/3203\/revisions"}],"predecessor-version":[{"id":3205,"href":"https:\/\/partediario.com.ar\/index.php?rest_route=\/wp\/v2\/posts\/3203\/revisions\/3205"}],"wp:featuredmedia":[{"embeddable":true,"href":"https:\/\/partediario.com.ar\/index.php?rest_route=\/wp\/v2\/media\/3204"}],"wp:attachment":[{"href":"https:\/\/partediario.com.ar\/index.php?rest_route=%2Fwp%2Fv2%2Fmedia&parent=3203"}],"wp:term":[{"taxonomy":"category","embeddable":true,"href":"https:\/\/partediario.com.ar\/index.php?rest_route=%2Fwp%2Fv2%2Fcategories&post=3203"},{"taxonomy":"post_tag","embeddable":true,"href":"https:\/\/partediario.com.ar\/index.php?rest_route=%2Fwp%2Fv2%2Ftags&post=3203"}],"curies":[{"name":"wp","href":"https:\/\/api.w.org\/{rel}","templated":true}]}}