{"id":3209,"date":"2024-06-24T11:11:13","date_gmt":"2024-06-24T14:11:13","guid":{"rendered":"https:\/\/partediario.com.ar\/?p=3209"},"modified":"2024-06-24T11:11:14","modified_gmt":"2024-06-24T14:11:14","slug":"el-gobierno-entrerriano-y-la-utn-implementaran-capacitaciones-asesoramiento-tecnico-y-practicas-con-cooperativas","status":"publish","type":"post","link":"https:\/\/partediario.com.ar\/?p=3209","title":{"rendered":"El gobierno entrerriano y la UTN implementar\u00e1n capacitaciones, asesoramiento t\u00e9cnico y pr\u00e1cticas con cooperativas"},"content":{"rendered":"\n<p><strong>El Ministerio de Gobierno y Trabajo firm\u00f3 un convenio con la Universidad Tecnol\u00f3gica Nacional, Facultad Regional Paran\u00e1 (UTN-FRP) para implementar, a trav\u00e9s del Instituto de Promoci\u00f3n de Cooperativas y Mutualidades de Entre R\u00edos, pr\u00e1cticas, capacitaciones y asesoramiento t\u00e9cnico a cooperativas.<\/strong><\/p>\n\n\n\n<p>El ministro de Gobierno y Trabajo, Manuel Troncoso, expres\u00f3: \u00abEste convenio es la formalizaci\u00f3n del trabajo que venimos haciendo con la universidad para vincular al sector cooperativo con el sector acad\u00e9mico. El Estado tiene que estar presente en un contexto tan dif\u00edcil como el que estamos viviendo, impulsando el trabajo y el conocimiento.\u00bb<\/p>\n\n\n\n<p>Por su parte, la presidenta del Instituto de Promoci\u00f3n de Cooperativas y Mutualidades, Mar\u00eda Laura Renoldi, explic\u00f3 que \u00abel objeto de este acuerdo es poder vincular el trabajo de formaci\u00f3n de los estudiantes y el de las cooperativas. Es una buena oportunidad para que ellos puedan hacer sus pr\u00e1cticas en las cooperativas y que \u00e9stas tengan luego aportes que contribuyan a mejorar y potenciar el desarrollo productivo.\u00bb<\/p>\n\n\n\n<p>A su turno, el decano de la UTN-FRP, Alejandro Carrere, celebr\u00f3 el convenio que permitir\u00e1 \u00abllevar adelante diferentes proyectos con las cooperativas, capacitaciones sobre energ\u00eda sostenible y otros temas que pueden ser de su inter\u00e9s y que son tan necesarios para mejorar la producci\u00f3n,\u00bb dado que el acuerdo tambi\u00e9n prev\u00e9 la realizaci\u00f3n conjunta de actividades de promoci\u00f3n, desarrollo, investigaci\u00f3n, educaci\u00f3n, capacitaci\u00f3n y\/o divulgaci\u00f3n.<\/p>\n\n\n\n<p>Participaron tambi\u00e9n en el acto de r\u00fabrica del convenio, el jefe de Gabinete del Ministerio de Gobierno y Trabajo, Abelardo Del Prado; y el secretario de Extensi\u00f3n Universitaria de la UTN-FRP, Mart\u00edn M\u00e9ndez.<\/p>\n","protected":false},"excerpt":{"rendered":"<p>El Ministerio de Gobierno y Trabajo firm&oacute; un convenio con la Universidad Tecnol&oacute;gica Nacional, Facultad Regional Paran&aacute; (UTN-FRP) para implementar, a trav&eacute;s del Instituto de Promoci&oacute;n de Cooperativas y Mutualidades de Entre R&iacute;os, pr&aacute;cticas, capacitaciones y asesoramiento t&eacute;cnico a cooperativas. El ministro de Gobierno y Trabajo, Manuel Troncoso, expres&oacute;: &laquo;Este convenio es la formalizaci&oacute;n del [&hellip;]<\/p>\n","protected":false},"author":2,"featured_media":3210,"comment_status":"open","ping_status":"open","sticky":false,"template":"","format":"standard","meta":{"footnotes":""},"categories":[8],"tags":[928,927,257,224,593,926,929,925],"class_list":["post-3209","post","type-post","status-publish","format-standard","has-post-thumbnail","hentry","category-provinciales","tag-abelardo-del-prado","tag-alejandro-carrere","tag-entre-rios","tag-gobierno","tag-manuel-troncoso","tag-maria-laura-renoldi","tag-martin-mendez","tag-utn"],"_links":{"self":[{"href":"https:\/\/partediario.com.ar\/index.php?rest_route=\/wp\/v2\/posts\/3209","targetHints":{"allow":["GET"]}}],"collection":[{"href":"https:\/\/partediario.com.ar\/index.php?rest_route=\/wp\/v2\/posts"}],"about":[{"href":"https:\/\/partediario.com.ar\/index.php?rest_route=\/wp\/v2\/types\/post"}],"author":[{"embeddable":true,"href":"https:\/\/partediario.com.ar\/index.php?rest_route=\/wp\/v2\/users\/2"}],"replies":[{"embeddable":true,"href":"https:\/\/partediario.com.ar\/index.php?rest_route=%2Fwp%2Fv2%2Fcomments&post=3209"}],"version-history":[{"count":1,"href":"https:\/\/partediario.com.ar\/index.php?rest_route=\/wp\/v2\/posts\/3209\/revisions"}],"predecessor-version":[{"id":3211,"href":"https:\/\/partediario.com.ar\/index.php?rest_route=\/wp\/v2\/posts\/3209\/revisions\/3211"}],"wp:featuredmedia":[{"embeddable":true,"href":"https:\/\/partediario.com.ar\/index.php?rest_route=\/wp\/v2\/media\/3210"}],"wp:attachment":[{"href":"https:\/\/partediario.com.ar\/index.php?rest_route=%2Fwp%2Fv2%2Fmedia&parent=3209"}],"wp:term":[{"taxonomy":"category","embeddable":true,"href":"https:\/\/partediario.com.ar\/index.php?rest_route=%2Fwp%2Fv2%2Fcategories&post=3209"},{"taxonomy":"post_tag","embeddable":true,"href":"https:\/\/partediario.com.ar\/index.php?rest_route=%2Fwp%2Fv2%2Ftags&post=3209"}],"curies":[{"name":"wp","href":"https:\/\/api.w.org\/{rel}","templated":true}]}}