{"id":3221,"date":"2024-06-24T15:20:28","date_gmt":"2024-06-24T18:20:28","guid":{"rendered":"https:\/\/partediario.com.ar\/?p=3221"},"modified":"2024-06-24T15:20:30","modified_gmt":"2024-06-24T18:20:30","slug":"mi-hija-es-inocente-afirmo-la-madre-de-nahir-galarza","status":"publish","type":"post","link":"https:\/\/partediario.com.ar\/?p=3221","title":{"rendered":"\u201cMi hija es inocente\u201d, afirm\u00f3 la madre de Nahir Galarza"},"content":{"rendered":"\n<p><strong>Yamila Kroh reapareci\u00f3 tras varios a\u00f1os de la detenci\u00f3n de su hija, lo hizo en el documental \u201cNahir: el secreto de un crimen\u201d. A oscuras y sin mostrar su rostro, la madre de la joven, manifest\u00f3: \u201cnecesito entender tantas cosas\u201d.<\/strong><\/p>\n\n\n\n<p>Yamila Kroh, mam\u00e1 de Nahir Galarza, habl\u00f3 por primera vez luego de m\u00e1s de seis a\u00f1os de la condena perpetua de su hija por el asesinato de su novio Fernando Pastorizzo.<\/p>\n\n\n\n<p>La causa volvi\u00f3 a estar en el centro de la pol\u00e9mica despu\u00e9s que se estrenara la pel\u00edcula \u201cNahir\u201d protagonizada por Valentina Zenere y se estrenara el documental \u201cNahir: el secreto de un crimen\u201d, ambas en la plataforma Amazon Prime Video.<\/p>\n\n\n\n<p>A oscuras y sin mostrar su rostro, Kroh manifest\u00f3 sus dudas y deseos de entender lo que realmente sucedi\u00f3 en el documental. \u201cYo por supuesto pienso que mi hija es inocente. Si fue un accidente, si fue lo que fue o lo que dijo o lo que pas\u00f3, no s\u00e9, yo quiero saber tantas cosas. Necesito entender tantas cosas\u201d, dijo sobre el asesinato del joven de 18 a\u00f1os que conmocion\u00f3 a todo el pa\u00eds en diciembre del 2017.<\/p>\n\n\n\n<p><\/p>\n\n\n\n<figure class=\"wp-block-image size-full\"><img loading=\"lazy\" decoding=\"async\" width=\"800\" height=\"450\" src=\"https:\/\/partediario.com.ar\/wp-content\/uploads\/o_1719248196.jpg\" alt=\"\" class=\"wp-image-3222\" srcset=\"https:\/\/partediario.com.ar\/wp-content\/uploads\/o_1719248196.jpg 800w, https:\/\/partediario.com.ar\/wp-content\/uploads\/o_1719248196-300x169.jpg 300w, https:\/\/partediario.com.ar\/wp-content\/uploads\/o_1719248196-768x432.jpg 768w\" sizes=\"auto, (max-width: 800px) 100vw, 800px\" \/><figcaption class=\"wp-element-caption\"><strong>La madre de Nahir Galarza habl\u00f3 por primera vez. Foto: Captura.<\/strong><\/figcaption><\/figure>\n\n\n\n<p><\/p>\n\n\n\n<p>Sobre al arma que utiliz\u00f3 Nahir pasa asesinar a Fernando, la cual le pertenec\u00eda a Marcelo Galarza se\u00f1al\u00f3: \u201cEra algo normal en nuestra casa. \u00c9l era polic\u00eda y dejaba el arma como dejaba sus dem\u00e1s herramientas de trabajo; siempre en un mismo lugar, en un mueble de la casa\u201d.<\/p>\n\n\n\n<p>\u201cNo se levant\u00f3 a comer. Yo me enoj\u00e9 con ella porque era 25 de diciembre. Despu\u00e9s me enter\u00e9 de lo que le hab\u00eda pasado a ella, una tremenda golpiza. Que por eso no se hab\u00eda podido levantar de la cama\u201d, cont\u00f3 del presunto hecho de violencia que sufri\u00f3 su hija dos d\u00edas antes del crimen.<\/p>\n\n\n\n<p>Tras los hechos que sucedieron en la madrugada del asesinato que cambi\u00f3 la vida de la familia Galarza y Pastorizzo Yamila Kroh se alej\u00f3 de los medios y del barrio de Gualeguaych\u00fa donde viv\u00eda. Seg\u00fan trascendi\u00f3 en varios medios, se mud\u00f3 con su hijo menor Aar\u00f3n a Concepci\u00f3n Arenal de Paran\u00e1 y todas las semanas visita a su hija en la Unidad Penal de mujeres.<\/p>\n\n\n\n<p>Una vecina paranaense cont\u00f3 sobre el bajo perfil de la madre: \u201cNosotras nunca la vimos cara a cara. Lo que se sabe es que ella entra camuflada y en auto. Se ven coches de alta gama. Puede ser que haga esto porque teme a la agresi\u00f3n de alguno\u201d, cerr\u00f3.<\/p>\n","protected":false},"excerpt":{"rendered":"<p>Yamila Kroh reapareci&oacute; tras varios a&ntilde;os de la detenci&oacute;n de su hija, lo hizo en el documental &ldquo;Nahir: el secreto de un crimen&rdquo;. A oscuras y sin mostrar su rostro, la madre de la joven, manifest&oacute;: &ldquo;necesito entender tantas cosas&rdquo;. Yamila Kroh, mam&aacute; de Nahir Galarza, habl&oacute; por primera vez luego de m&aacute;s de seis [&hellip;]<\/p>\n","protected":false},"author":2,"featured_media":3223,"comment_status":"open","ping_status":"open","sticky":false,"template":"","format":"standard","meta":{"footnotes":""},"categories":[6,7],"tags":[938,257,872,937,874,869,936],"class_list":["post-3221","post","type-post","status-publish","format-standard","has-post-thumbnail","hentry","category-locales","category-policiales","tag-amazon-prime-video","tag-entre-rios","tag-fernando-pastorizzo","tag-inocente","tag-marcelo-galarza","tag-nahir-galarza","tag-yamila-kroh"],"_links":{"self":[{"href":"https:\/\/partediario.com.ar\/index.php?rest_route=\/wp\/v2\/posts\/3221","targetHints":{"allow":["GET"]}}],"collection":[{"href":"https:\/\/partediario.com.ar\/index.php?rest_route=\/wp\/v2\/posts"}],"about":[{"href":"https:\/\/partediario.com.ar\/index.php?rest_route=\/wp\/v2\/types\/post"}],"author":[{"embeddable":true,"href":"https:\/\/partediario.com.ar\/index.php?rest_route=\/wp\/v2\/users\/2"}],"replies":[{"embeddable":true,"href":"https:\/\/partediario.com.ar\/index.php?rest_route=%2Fwp%2Fv2%2Fcomments&post=3221"}],"version-history":[{"count":1,"href":"https:\/\/partediario.com.ar\/index.php?rest_route=\/wp\/v2\/posts\/3221\/revisions"}],"predecessor-version":[{"id":3224,"href":"https:\/\/partediario.com.ar\/index.php?rest_route=\/wp\/v2\/posts\/3221\/revisions\/3224"}],"wp:featuredmedia":[{"embeddable":true,"href":"https:\/\/partediario.com.ar\/index.php?rest_route=\/wp\/v2\/media\/3223"}],"wp:attachment":[{"href":"https:\/\/partediario.com.ar\/index.php?rest_route=%2Fwp%2Fv2%2Fmedia&parent=3221"}],"wp:term":[{"taxonomy":"category","embeddable":true,"href":"https:\/\/partediario.com.ar\/index.php?rest_route=%2Fwp%2Fv2%2Fcategories&post=3221"},{"taxonomy":"post_tag","embeddable":true,"href":"https:\/\/partediario.com.ar\/index.php?rest_route=%2Fwp%2Fv2%2Ftags&post=3221"}],"curies":[{"name":"wp","href":"https:\/\/api.w.org\/{rel}","templated":true}]}}