{"id":3225,"date":"2024-06-24T15:27:30","date_gmt":"2024-06-24T18:27:30","guid":{"rendered":"https:\/\/partediario.com.ar\/?p=3225"},"modified":"2024-06-24T15:27:36","modified_gmt":"2024-06-24T18:27:36","slug":"bomberos-entrerrianos-que-colaboraron-en-la-busqueda-no-fue-suficiente-para-lograr-devolver-a-loan-con-su-familia","status":"publish","type":"post","link":"https:\/\/partediario.com.ar\/?p=3225","title":{"rendered":"Bomberos entrerrianos que colaboraron en la b\u00fasqueda: \u201cno fue suficiente para lograr devolver a Loan con su familia\u201d"},"content":{"rendered":"\n<p><strong>Algunos de los bomberos voluntarios de Entre R\u00edos que participaron de la b\u00fasqueda de Loan en Corrientes, fueron los de San Jos\u00e9. A su regreso, se\u00f1alaron que la ayuda \u201cno fue suficiente para lograr devolver a Loan con su familia\u201d.<\/strong><\/p>\n\n\n\n<p>Mientras contin\u00faa a destajo la b\u00fasqueda de Loan, el ni\u00f1o de 5 a\u00f1os que fue visto por \u00faltima vez, en el Paraje Algarrobal de la localidad de 9 de Julio (provincia de Corrientes), desde el s\u00e1bado 15 de junio a primera hora, se sumaron a las tareas, Bomberos Voluntarios entrerrianos, pertenecientes a los cuarteles de San Jos\u00e9, General Ram\u00edrez, Crespo, Aldea Brasilera y Valle Mar\u00eda.<\/p>\n\n\n\n<p>Puestos a disposici\u00f3n del Comando \u00danico de Operaciones desde el minuto cero, Bomberos Voluntarios San Jos\u00e9 sum\u00f3 personal y recursos t\u00e9cnicos para colaborar en la b\u00fasqueda del peque\u00f1o Loan Pe\u00f1a.<\/p>\n\n\n\n<p>El pasado martes, por pedido urgente, se desplaz\u00f3 un m\u00f3vil de la Federaci\u00f3n Entrerriana de Asociaciones de Bomberos Voluntarios con el segundo jefe del cuerpo activo, oficial ayudante Mat\u00edas Maschio, los bomberos Luciano Vercesi y Alexis Mout de San Jos\u00e9, y el oficial Lucas Torres de Concepci\u00f3n del Uruguay.<\/p>\n\n\n\n<p>Junto al personal se trasladaros los recursos t\u00e9cnicos de comunicaciones que m\u00e1s urgencia revest\u00edan y la brigada VANT de Drones. Al d\u00eda siguiente, el mi\u00e9rcoles 19, se desplaz\u00f3 el m\u00f3vil 28 de Bomberos San Jos\u00e9, con la Unidad de Comando de Comunicaciones. A su arribo, y sin perder un minuto, se emplaz\u00f3 inmediatamente en el lugar todo el equipo, a la vera de la ruta 123, en el ingreso a estancia 5 Lagunas.<\/p>\n\n\n\n<p>Una vez que regresaron de Corrientes, el s\u00e1bado por la tarde, los tres sanjosesinos fueron felicitados p\u00fablicamente por su accionar por parte de la dirigencia del cuartel: \u201cEstamos muy orgullosos de la labor desempe\u00f1ada por nuestro personal, del trabajo realizado, ya que operativamente fue impecable y muy profesional\u201d.<\/p>\n\n\n\n<p>Sin embargo se\u00f1alaron el \u201csabor amargo\u201d que signific\u00f3 que \u201ca pesar del deber cumplido con acabada categor\u00eda, no fue suficiente para lograr devolver a Loan con su familia, lo cual nos ensombrece el sentimiento\u201d.<\/p>\n\n\n\n<p>\u201cBregamos por la aparici\u00f3n sano y salvo del peque\u00f1o, por el reencuentro con sus padres y seres queridos, todos necesitamos el final feliz de esta historia y nos esperanzamos en \u00e9l\u201d, finalizaron.<\/p>\n","protected":false},"excerpt":{"rendered":"<p>Algunos de los bomberos voluntarios de Entre R&iacute;os que participaron de la b&uacute;squeda de Loan en Corrientes, fueron los de San Jos&eacute;. A su regreso, se&ntilde;alaron que la ayuda &ldquo;no fue suficiente para lograr devolver a Loan con su familia&rdquo;. Mientras contin&uacute;a a destajo la b&uacute;squeda de Loan, el ni&ntilde;o de 5 a&ntilde;os que fue [&hellip;]<\/p>\n","protected":false},"author":2,"featured_media":3226,"comment_status":"open","ping_status":"open","sticky":false,"template":"","format":"standard","meta":{"footnotes":""},"categories":[7,8],"tags":[940,460,448,257,939,489,476,941],"class_list":["post-3225","post","type-post","status-publish","format-standard","has-post-thumbnail","hentry","category-policiales","category-provinciales","tag-aldea-brasilera","tag-bomberos","tag-corrientes","tag-entre-rios","tag-general-ramirez-2","tag-loan-danilo-pena","tag-san-jose","tag-valle-maria"],"_links":{"self":[{"href":"https:\/\/partediario.com.ar\/index.php?rest_route=\/wp\/v2\/posts\/3225","targetHints":{"allow":["GET"]}}],"collection":[{"href":"https:\/\/partediario.com.ar\/index.php?rest_route=\/wp\/v2\/posts"}],"about":[{"href":"https:\/\/partediario.com.ar\/index.php?rest_route=\/wp\/v2\/types\/post"}],"author":[{"embeddable":true,"href":"https:\/\/partediario.com.ar\/index.php?rest_route=\/wp\/v2\/users\/2"}],"replies":[{"embeddable":true,"href":"https:\/\/partediario.com.ar\/index.php?rest_route=%2Fwp%2Fv2%2Fcomments&post=3225"}],"version-history":[{"count":1,"href":"https:\/\/partediario.com.ar\/index.php?rest_route=\/wp\/v2\/posts\/3225\/revisions"}],"predecessor-version":[{"id":3227,"href":"https:\/\/partediario.com.ar\/index.php?rest_route=\/wp\/v2\/posts\/3225\/revisions\/3227"}],"wp:featuredmedia":[{"embeddable":true,"href":"https:\/\/partediario.com.ar\/index.php?rest_route=\/wp\/v2\/media\/3226"}],"wp:attachment":[{"href":"https:\/\/partediario.com.ar\/index.php?rest_route=%2Fwp%2Fv2%2Fmedia&parent=3225"}],"wp:term":[{"taxonomy":"category","embeddable":true,"href":"https:\/\/partediario.com.ar\/index.php?rest_route=%2Fwp%2Fv2%2Fcategories&post=3225"},{"taxonomy":"post_tag","embeddable":true,"href":"https:\/\/partediario.com.ar\/index.php?rest_route=%2Fwp%2Fv2%2Ftags&post=3225"}],"curies":[{"name":"wp","href":"https:\/\/api.w.org\/{rel}","templated":true}]}}