{"id":3245,"date":"2024-06-24T17:52:34","date_gmt":"2024-06-24T20:52:34","guid":{"rendered":"https:\/\/partediario.com.ar\/?p=3245"},"modified":"2024-06-24T17:52:35","modified_gmt":"2024-06-24T20:52:35","slug":"el-bloque-de-miguel-pichetto-le-dice-no-a-las-privatizaciones-de-aerolineas-argentinas-correo-argentino-y-rta","status":"publish","type":"post","link":"https:\/\/partediario.com.ar\/?p=3245","title":{"rendered":"El bloque de Miguel Pichetto le dice no a las privatizaciones de Aerol\u00edneas Argentinas, Correo Argentino y RTA"},"content":{"rendered":"\n<p><strong>La definici\u00f3n lleg\u00f3 despu\u00e9s de una reuni\u00f3n del bloque. Acordaron adem\u00e1s insistir con Bienes Personales e Impuesto a las Ganancias. Los argumentos.<\/strong><\/p>\n\n\n\n<p>El bloque Hacemos Coalici\u00f3n Federal (HCF) que preside el diputado Miguel Pichetto votar\u00e1 la Ley Bases como vino del Senado. De este modo Aerol\u00edneas Argentinas est\u00e1 cada vez m\u00e1s cerca de quedar en manos del Estado, sin ser privatizada. Con esto, HCF quiere evitar \u00abla judicializaci\u00f3n de esta ley\u00bb. \u00abSi no salen esas privatizaciones es por mala praxis\u00bb, se\u00f1alaron.<\/p>\n\n\n\n<p>Lo mismo ocurre con el Correo Argentino y Radio y Televisi\u00f3n Argentina (RTA). El principal argumento que esboz\u00f3 Pichetto es que \u00abson puntos que el miembro informante del Senado (Bartolom\u00e9 Abdala) lo sac\u00f3 al principio de la votaci\u00f3n y no se aprobar en la general\u00bb. \u00abDistinto es con Bienes Personales y Ganancias (dentro de la ley fiscal), que se aprobaron en general pero despu\u00e9s se rechazaron en particular\u00bb, detall\u00f3 legislador.<\/p>\n\n\n\n<p>Esta definici\u00f3n se da previo a una reuni\u00f3n con el vicejefe de Gabinete Jos\u00e9 Rolandi y antes de una reuni\u00f3n de bloque en la que participaron Emilio Monz\u00f3, Margarita Stolbizer, Francisco Morchio, Nicol\u00e1s Massot, Esteban Paul\u00f3n, Juan Brugge y Oscar Agost Carre\u00f1o. \u00abLos motivos por los que no podemos insistir con lo que sacaron del dictamen de Ley Bases, son los mismos por los que s\u00ed podemos insistir con Paquete Fiscal\u00bb, se\u00f1alaron.<\/p>\n\n\n\n<p>Este \u00faltimo fue el encargado de anticiparle a Rolandi la postura que el bloque adoptar\u00e1 en la reuni\u00f3n prevista para las 17. El funcionario oficialista, como era de esperar, no recibi\u00f3 la noticia con la mejor sonrisa. \u00abNo se puede insisitir con algo que no se vot\u00f3\u00bb, destacan en las oficinas que este bloque tiene en la avenida Rivadavia en frente del Palacio Legislativo.<\/p>\n\n\n\n<p>Con esta decisi\u00f3n, el bloque de Pichetto adem\u00e1s aceptar\u00e1 la eliminaci\u00f3n del art\u00edculo que derogaba la moratoria previsional. Es decir, sostendr\u00e1n la continuidad de la ley que hizo que m\u00e1s de 700 mil personas que no ten\u00edan hechos los aportes suficientes recibieran una jubilaci\u00f3n.<\/p>\n\n\n\n<p>Tambi\u00e9n aceptar\u00e1n cambios en la reforma laboral, como en los art\u00edculos respecto al bloque de capitales, que ponen la mira en los trabajadores que participen del bloque. Adem\u00e1s, se toma la modificaci\u00f3n del monotributo social. \u00abSon puntos que el Senado ha mejorado\u00bb, precis\u00f3 Pichetto.<\/p>\n\n\n\n<p>Este bloque tambi\u00e9n defini\u00f3 que \u00abel jueves tiene que ser la fecha l\u00edmite para que se sancione esta ley\u00bb. \u00abBasta, necesitamos cerrar esto de una vez y darle al presidente las herramientas que \u00e9l considera necesarias para sacar adelante el pa\u00eds\u00bb, concluyeron.<\/p>\n","protected":false},"excerpt":{"rendered":"<p>La definici&oacute;n lleg&oacute; despu&eacute;s de una reuni&oacute;n del bloque. Acordaron adem&aacute;s insistir con Bienes Personales e Impuesto a las Ganancias. Los argumentos. El bloque Hacemos Coalici&oacute;n Federal (HCF) que preside el diputado Miguel Pichetto votar&aacute; la Ley Bases como vino del Senado. De este modo Aerol&iacute;neas Argentinas est&aacute; cada vez m&aacute;s cerca de quedar en [&hellip;]<\/p>\n","protected":false},"author":2,"featured_media":3246,"comment_status":"open","ping_status":"open","sticky":false,"template":"","format":"standard","meta":{"footnotes":""},"categories":[5,176],"tags":[962,966,963,965,960,961,964],"class_list":["post-3245","post","type-post","status-publish","format-standard","has-post-thumbnail","hentry","category-nacionales","category-politica","tag-aerolineas-argentinas","tag-coalicion","tag-correo-argentino","tag-hcf","tag-niguel-angel-pichetto","tag-privatizacion","tag-rta"],"_links":{"self":[{"href":"https:\/\/partediario.com.ar\/index.php?rest_route=\/wp\/v2\/posts\/3245","targetHints":{"allow":["GET"]}}],"collection":[{"href":"https:\/\/partediario.com.ar\/index.php?rest_route=\/wp\/v2\/posts"}],"about":[{"href":"https:\/\/partediario.com.ar\/index.php?rest_route=\/wp\/v2\/types\/post"}],"author":[{"embeddable":true,"href":"https:\/\/partediario.com.ar\/index.php?rest_route=\/wp\/v2\/users\/2"}],"replies":[{"embeddable":true,"href":"https:\/\/partediario.com.ar\/index.php?rest_route=%2Fwp%2Fv2%2Fcomments&post=3245"}],"version-history":[{"count":1,"href":"https:\/\/partediario.com.ar\/index.php?rest_route=\/wp\/v2\/posts\/3245\/revisions"}],"predecessor-version":[{"id":3247,"href":"https:\/\/partediario.com.ar\/index.php?rest_route=\/wp\/v2\/posts\/3245\/revisions\/3247"}],"wp:featuredmedia":[{"embeddable":true,"href":"https:\/\/partediario.com.ar\/index.php?rest_route=\/wp\/v2\/media\/3246"}],"wp:attachment":[{"href":"https:\/\/partediario.com.ar\/index.php?rest_route=%2Fwp%2Fv2%2Fmedia&parent=3245"}],"wp:term":[{"taxonomy":"category","embeddable":true,"href":"https:\/\/partediario.com.ar\/index.php?rest_route=%2Fwp%2Fv2%2Fcategories&post=3245"},{"taxonomy":"post_tag","embeddable":true,"href":"https:\/\/partediario.com.ar\/index.php?rest_route=%2Fwp%2Fv2%2Ftags&post=3245"}],"curies":[{"name":"wp","href":"https:\/\/api.w.org\/{rel}","templated":true}]}}