{"id":3251,"date":"2024-06-24T18:50:52","date_gmt":"2024-06-24T21:50:52","guid":{"rendered":"https:\/\/partediario.com.ar\/?p=3251"},"modified":"2024-06-24T18:50:53","modified_gmt":"2024-06-24T21:50:53","slug":"parana-familiares-y-amigos-de-brenda-alvarenga-marcharon-exigiendo-justicia","status":"publish","type":"post","link":"https:\/\/partediario.com.ar\/?p=3251","title":{"rendered":"Paran\u00e1: familiares y amigos de Brenda Alvarenga marcharon exigiendo justicia"},"content":{"rendered":"\n<h3 class=\"wp-block-heading\">Brenda Alvarenga fue asesinada el pasado 7 de junio en Paran\u00e1 por su ex pareja. Este lunes familiares y amigos reclamaron justicia por las calles de Paran\u00e1.<\/h3>\n\n\n\n<p>Familiares y amigos de Brenda Alvarenga junto a la Multisectorial de Mujeres de Paran\u00e1, llevaron a cabo una marcha pidiendo justicia por su femicidio. La misma se inici\u00f3 en Plaza 1\u00b0 de Mayo y termin\u00f3 en Tribunales.<\/p>\n\n\n\n<p>En un comunicado la multisectorial alert\u00f3: \u00abLas mujeres y disidencias estamos expuestas a cada vez m\u00e1s violencia, cada vez m\u00e1s ensa\u00f1amiento contra nuestros cuerpos y nuestras vidas\u00bb. Y a\u00f1adieron: \u00abHemos tenido avances que han permitido generar dispositivos que muchas veces no funcionan por voluntad pol\u00edtica de los responsables de hacerlos eficaces\u00bb.<\/p>\n\n\n\n<p>\u00abNo es responsabilidad nuestra perseguir a los funcionarios de las fuerzas de seguridad ni a las fiscal\u00edas para que se respeten nada m\u00e1s y nada menos que las leyes que rigen nuestra vida y, sin embargo, lo hacemos a diario\u00bb, expresaron desde el colectivo feminista y a\u00f1adieron: \u00abSomos creadoras de una propuesta de Ley de Emergencia en Violencia para nuestra provincia que no pas\u00f3 del estado parlamentario. Proponemos soluciones de fondo y no somos escuchadas. Cada uno de los femicidios tiene un recorrido previo que se puede interceptar con presupuesto acorde y voluntad pol\u00edtica \u00bfQui\u00e9nes se responsabilizan de esta situaci\u00f3n?\u00bb, apuntaron.<\/p>\n\n\n\n<p><\/p>\n\n\n\n<figure class=\"wp-block-image size-full\"><img loading=\"lazy\" decoding=\"async\" width=\"642\" height=\"361\" src=\"https:\/\/partediario.com.ar\/wp-content\/uploads\/brenda-albarengajpg.webp\" alt=\"\" class=\"wp-image-3252\" srcset=\"https:\/\/partediario.com.ar\/wp-content\/uploads\/brenda-albarengajpg.webp 642w, https:\/\/partediario.com.ar\/wp-content\/uploads\/brenda-albarengajpg-300x169.webp 300w\" sizes=\"auto, (max-width: 642px) 100vw, 642px\" \/><\/figure>\n\n\n\n<p><\/p>\n\n\n\n<p>Vale recordar que Brenda Alvarenga de 33 a\u00f1os fue asesinada el pasado 7 de junio en el barrio Paran\u00e1 XVI, a manos de su ex pareja, Alan Dom\u00ednguez, de 28 a\u00f1os, quienya ten\u00eda denuncia por violencia de g\u00e9nero y una perimetral.<\/p>\n\n\n\n<p>El d\u00eda del asesinato viol\u00f3 la normativa, ingres\u00f3 por la ventana y mat\u00f3 a la joven. En la actualidad se encuentra detenido.<\/p>\n","protected":false},"excerpt":{"rendered":"<p>Brenda Alvarenga fue asesinada el pasado 7 de junio en Paran&aacute; por su ex pareja. Este lunes familiares y amigos reclamaron justicia por las calles de Paran&aacute;. Familiares y amigos de Brenda Alvarenga junto a la Multisectorial de Mujeres de Paran&aacute;, llevaron a cabo una marcha pidiendo justicia por su femicidio. La misma se inici&oacute; [&hellip;]<\/p>\n","protected":false},"author":2,"featured_media":3253,"comment_status":"open","ping_status":"open","sticky":false,"template":"","format":"standard","meta":{"footnotes":""},"categories":[6,726],"tags":[972,970,257,974,265],"class_list":["post-3251","post","type-post","status-publish","format-standard","has-post-thumbnail","hentry","category-locales","category-sociedad","tag-alan-dominguez","tag-brenda-alvarenga","tag-entre-rios","tag-mujeres","tag-parana"],"_links":{"self":[{"href":"https:\/\/partediario.com.ar\/index.php?rest_route=\/wp\/v2\/posts\/3251","targetHints":{"allow":["GET"]}}],"collection":[{"href":"https:\/\/partediario.com.ar\/index.php?rest_route=\/wp\/v2\/posts"}],"about":[{"href":"https:\/\/partediario.com.ar\/index.php?rest_route=\/wp\/v2\/types\/post"}],"author":[{"embeddable":true,"href":"https:\/\/partediario.com.ar\/index.php?rest_route=\/wp\/v2\/users\/2"}],"replies":[{"embeddable":true,"href":"https:\/\/partediario.com.ar\/index.php?rest_route=%2Fwp%2Fv2%2Fcomments&post=3251"}],"version-history":[{"count":1,"href":"https:\/\/partediario.com.ar\/index.php?rest_route=\/wp\/v2\/posts\/3251\/revisions"}],"predecessor-version":[{"id":3254,"href":"https:\/\/partediario.com.ar\/index.php?rest_route=\/wp\/v2\/posts\/3251\/revisions\/3254"}],"wp:featuredmedia":[{"embeddable":true,"href":"https:\/\/partediario.com.ar\/index.php?rest_route=\/wp\/v2\/media\/3253"}],"wp:attachment":[{"href":"https:\/\/partediario.com.ar\/index.php?rest_route=%2Fwp%2Fv2%2Fmedia&parent=3251"}],"wp:term":[{"taxonomy":"category","embeddable":true,"href":"https:\/\/partediario.com.ar\/index.php?rest_route=%2Fwp%2Fv2%2Fcategories&post=3251"},{"taxonomy":"post_tag","embeddable":true,"href":"https:\/\/partediario.com.ar\/index.php?rest_route=%2Fwp%2Fv2%2Ftags&post=3251"}],"curies":[{"name":"wp","href":"https:\/\/api.w.org\/{rel}","templated":true}]}}