{"id":3255,"date":"2024-06-24T19:07:06","date_gmt":"2024-06-24T22:07:06","guid":{"rendered":"https:\/\/partediario.com.ar\/?p=3255"},"modified":"2024-06-24T19:07:08","modified_gmt":"2024-06-24T22:07:08","slug":"parana-encontraron-en-buen-estado-de-salud-al-adolescente-que-era-intensamente-buscado","status":"publish","type":"post","link":"https:\/\/partediario.com.ar\/?p=3255","title":{"rendered":"Paran\u00e1: encontraron en buen estado de salud al adolescente que era intensamente buscado"},"content":{"rendered":"\n<h3 class=\"wp-block-heading\">El joven de 14 a\u00f1os hab\u00eda ingesado a la zona de Ca\u00f1averales mientras iba al colegio junto a su madre y desde ese momento lo perdi\u00f3 de vista.<\/h3>\n\n\n\n<p>La Unidad Fiscal de Ni\u00f1os, Ni\u00f1as y Adolescentes de Paran\u00e1 confirm\u00f3 que el adolescente F.M.D. fue localizado y se encuentra en buen estado de salud. Se agradece la colaboraci\u00f3n prestada por la ciudadan\u00eda y los medios de comunicaci\u00f3n.<\/p>\n","protected":false},"excerpt":{"rendered":"<p>El joven de 14 a&ntilde;os hab&iacute;a ingesado a la zona de Ca&ntilde;averales mientras iba al colegio junto a su madre y desde ese momento lo perdi&oacute; de vista. La Unidad Fiscal de Ni&ntilde;os, Ni&ntilde;as y Adolescentes de Paran&aacute; confirm&oacute; que el adolescente F.M.D. fue localizado y se encuentra en buen estado de salud. Se agradece [&hellip;]<\/p>\n","protected":false},"author":2,"featured_media":3256,"comment_status":"open","ping_status":"open","sticky":false,"template":"","format":"standard","meta":{"footnotes":""},"categories":[6,7],"tags":[952,977,975,257,265,438],"class_list":["post-3255","post","type-post","status-publish","format-standard","has-post-thumbnail","hentry","category-locales","category-policiales","tag-adolescente","tag-canaverales","tag-encontraron","tag-entre-rios","tag-parana","tag-policiales"],"_links":{"self":[{"href":"https:\/\/partediario.com.ar\/index.php?rest_route=\/wp\/v2\/posts\/3255","targetHints":{"allow":["GET"]}}],"collection":[{"href":"https:\/\/partediario.com.ar\/index.php?rest_route=\/wp\/v2\/posts"}],"about":[{"href":"https:\/\/partediario.com.ar\/index.php?rest_route=\/wp\/v2\/types\/post"}],"author":[{"embeddable":true,"href":"https:\/\/partediario.com.ar\/index.php?rest_route=\/wp\/v2\/users\/2"}],"replies":[{"embeddable":true,"href":"https:\/\/partediario.com.ar\/index.php?rest_route=%2Fwp%2Fv2%2Fcomments&post=3255"}],"version-history":[{"count":1,"href":"https:\/\/partediario.com.ar\/index.php?rest_route=\/wp\/v2\/posts\/3255\/revisions"}],"predecessor-version":[{"id":3257,"href":"https:\/\/partediario.com.ar\/index.php?rest_route=\/wp\/v2\/posts\/3255\/revisions\/3257"}],"wp:featuredmedia":[{"embeddable":true,"href":"https:\/\/partediario.com.ar\/index.php?rest_route=\/wp\/v2\/media\/3256"}],"wp:attachment":[{"href":"https:\/\/partediario.com.ar\/index.php?rest_route=%2Fwp%2Fv2%2Fmedia&parent=3255"}],"wp:term":[{"taxonomy":"category","embeddable":true,"href":"https:\/\/partediario.com.ar\/index.php?rest_route=%2Fwp%2Fv2%2Fcategories&post=3255"},{"taxonomy":"post_tag","embeddable":true,"href":"https:\/\/partediario.com.ar\/index.php?rest_route=%2Fwp%2Fv2%2Ftags&post=3255"}],"curies":[{"name":"wp","href":"https:\/\/api.w.org\/{rel}","templated":true}]}}