{"id":3279,"date":"2024-06-25T10:01:42","date_gmt":"2024-06-25T13:01:42","guid":{"rendered":"https:\/\/partediario.com.ar\/?p=3279"},"modified":"2024-06-25T10:01:43","modified_gmt":"2024-06-25T13:01:43","slug":"apartan-a-juan-ruiz-orrico-de-su-cargo-hasta-que-se-esclarezca-su-situacion-legal","status":"publish","type":"post","link":"https:\/\/partediario.com.ar\/?p=3279","title":{"rendered":"Apartan a Juan Ruiz Orrico de su cargo hasta que se esclarezca su situaci\u00f3n legal"},"content":{"rendered":"\n<p><strong>La medida se toma tras el fatal accidente que sucedi\u00f3 en Ruta 39, donde Orrico fue protagonista, y fallecieron 4 j\u00f3venes oriundos de Basavilbaso.<\/strong><\/p>\n\n\n\n<p>El Gobierno de Entre R\u00edos informa que, de com\u00fan acuerdo con Juan Orrico, se ha decidido que no continuar\u00e1 ejerciendo el cargo de presidente del Instituto Portuario de la Provincia hasta tanto la justicia esclarezca lo sucedido en el tr\u00e1gico hecho que protagoniz\u00f3 en la Ruta 39 en la madrugada del jueves \u00faltimo.<\/p>\n\n\n\n<p>Esta decisi\u00f3n se produce a la espera de que el Poder Judicial lleve adelante las investigaciones correspondientes y se expida sobre este lamentable suceso.<\/p>\n\n\n\n<p>Simult\u00e1neamente, la Fiscal\u00eda de Estado ha iniciado un proceso de sumario administrativo interno, se\u00f1alaron.<\/p>\n","protected":false},"excerpt":{"rendered":"<p>La medida se toma tras el fatal accidente que sucedi&oacute; en Ruta 39, donde Orrico fue protagonista, y fallecieron 4 j&oacute;venes oriundos de Basavilbaso. El Gobierno de Entre R&iacute;os informa que, de com&uacute;n acuerdo con Juan Orrico, se ha decidido que no continuar&aacute; ejerciendo el cargo de presidente del Instituto Portuario de la Provincia hasta [&hellip;]<\/p>\n","protected":false},"author":2,"featured_media":3280,"comment_status":"open","ping_status":"open","sticky":false,"template":"","format":"standard","meta":{"footnotes":""},"categories":[979,7,8],"tags":[257,224,684],"class_list":["post-3279","post","type-post","status-publish","format-standard","has-post-thumbnail","hentry","category-judiciales","category-policiales","category-provinciales","tag-entre-rios","tag-gobierno","tag-juan-ruiz-orrico"],"_links":{"self":[{"href":"https:\/\/partediario.com.ar\/index.php?rest_route=\/wp\/v2\/posts\/3279","targetHints":{"allow":["GET"]}}],"collection":[{"href":"https:\/\/partediario.com.ar\/index.php?rest_route=\/wp\/v2\/posts"}],"about":[{"href":"https:\/\/partediario.com.ar\/index.php?rest_route=\/wp\/v2\/types\/post"}],"author":[{"embeddable":true,"href":"https:\/\/partediario.com.ar\/index.php?rest_route=\/wp\/v2\/users\/2"}],"replies":[{"embeddable":true,"href":"https:\/\/partediario.com.ar\/index.php?rest_route=%2Fwp%2Fv2%2Fcomments&post=3279"}],"version-history":[{"count":1,"href":"https:\/\/partediario.com.ar\/index.php?rest_route=\/wp\/v2\/posts\/3279\/revisions"}],"predecessor-version":[{"id":3281,"href":"https:\/\/partediario.com.ar\/index.php?rest_route=\/wp\/v2\/posts\/3279\/revisions\/3281"}],"wp:featuredmedia":[{"embeddable":true,"href":"https:\/\/partediario.com.ar\/index.php?rest_route=\/wp\/v2\/media\/3280"}],"wp:attachment":[{"href":"https:\/\/partediario.com.ar\/index.php?rest_route=%2Fwp%2Fv2%2Fmedia&parent=3279"}],"wp:term":[{"taxonomy":"category","embeddable":true,"href":"https:\/\/partediario.com.ar\/index.php?rest_route=%2Fwp%2Fv2%2Fcategories&post=3279"},{"taxonomy":"post_tag","embeddable":true,"href":"https:\/\/partediario.com.ar\/index.php?rest_route=%2Fwp%2Fv2%2Ftags&post=3279"}],"curies":[{"name":"wp","href":"https:\/\/api.w.org\/{rel}","templated":true}]}}