{"id":3295,"date":"2024-06-25T11:13:25","date_gmt":"2024-06-25T14:13:25","guid":{"rendered":"https:\/\/partediario.com.ar\/?p=3295"},"modified":"2024-06-25T11:13:31","modified_gmt":"2024-06-25T14:13:31","slug":"frigerio-visito-nancay-y-avanzo-en-la-solucion-de-problemas-historicos","status":"publish","type":"post","link":"https:\/\/partediario.com.ar\/?p=3295","title":{"rendered":"Frigerio visit\u00f3 \u00d1ancay y avanz\u00f3 en la soluci\u00f3n de problemas hist\u00f3ricos"},"content":{"rendered":"\n<p><strong>El gobernador Rogelio Frigerio recorri\u00f3 la localidad del departamento Islas del Ibicuy y dialog\u00f3 con los vecinos, escuch\u00f3 las necesidades y se comprometi\u00f3 a trabajar para dar respuestas. El anegamiento del camino de acceso y de campos son las principales preocupaciones.<\/strong><\/p>\n\n\n\n<p>En el desarrollo de su agenda de trabajo, se reuni\u00f3 con el presidente de la Junta de Gobierno, Mart\u00edn Hornos; el senador Hern\u00e1n M\u00e9ndez y vecinos.<\/p>\n\n\n\n<p>Tras el encuentro, M\u00e9ndez precis\u00f3 que dialogaron con el gobernador sobre problem\u00e1ticas de la localidad de unos 200 habitantes, como las que traen aparejadas las intensas lluvias.<\/p>\n\n\n\n<p>El legislador provincial asegur\u00f3 que la visita del gobernador fue \u00abmuy positiva, porque tom\u00f3 nota de cuestiones que se hab\u00edan elevado en su momento, pero ahora las pudo ver y se comprometi\u00f3 a enviar personal de Hidr\u00e1ulica para hacer un relevamiento de los campos y de los arroyos\u00bb.<\/p>\n\n\n\n<p><\/p>\n\n\n\n<figure class=\"wp-block-image size-large\"><img loading=\"lazy\" decoding=\"async\" width=\"1024\" height=\"682\" src=\"https:\/\/partediario.com.ar\/wp-content\/uploads\/nancay-3-1-1024x682.jpg\" alt=\"\" class=\"wp-image-3296\" srcset=\"https:\/\/partediario.com.ar\/wp-content\/uploads\/nancay-3-1-1024x682.jpg 1024w, https:\/\/partediario.com.ar\/wp-content\/uploads\/nancay-3-1-300x200.jpg 300w, https:\/\/partediario.com.ar\/wp-content\/uploads\/nancay-3-1-768x512.jpg 768w, https:\/\/partediario.com.ar\/wp-content\/uploads\/nancay-3-1.jpg 1400w\" sizes=\"auto, (max-width: 1024px) 100vw, 1024px\" \/><\/figure>\n\n\n\n<p><\/p>\n\n\n\n<p>\u00abHace muchos a\u00f1os que un gobernador en funciones no viene y estamos todos interesados en que la gente mejore su calidad de vida\u00bb, resalt\u00f3.<\/p>\n\n\n\n<p>Subray\u00f3 que \u00abestamos acompa\u00f1ando en las problem\u00e1ticas y los planteos que hace la gente y es parte de nuestra funci\u00f3n como funcionarios p\u00fablicos dar respuesta\u00bb.<\/p>\n\n\n\n<p>Adem\u00e1s de estos \u00edtems, desde la comunidad tambi\u00e9n se plante\u00f3 al gobernador la posibilidad de establecer conexiones de Internet para el sal\u00f3n comunal y la escuela del lugar.<\/p>\n\n\n\n<p>Por su parte, el presidente comunal agradeci\u00f3 la visita del gobernador y destac\u00f3: \u00abHace tiempo que se trabaja en conjunto con el personal de Vialidad\u00bb, en el mantenimiento de las v\u00edas de acceso, aunque aclar\u00f3 que \u00ablas lluvias han generado complicaciones\u00bb.<\/p>\n\n\n\n<p><\/p>\n\n\n\n<figure class=\"wp-block-embed is-type-video is-provider-youtube wp-block-embed-youtube wp-embed-aspect-16-9 wp-has-aspect-ratio\"><div class=\"wp-block-embed__wrapper\">\n<iframe loading=\"lazy\" title=\"Frigerio visit\u00f3 \u00d1ancay y avanz\u00f3 en la soluci\u00f3n de problemas hist\u00f3ricos\" width=\"640\" height=\"360\" src=\"https:\/\/www.youtube.com\/embed\/huU7SgzsXro?feature=oembed\" frameborder=\"0\" allow=\"accelerometer; autoplay; clipboard-write; encrypted-media; gyroscope; picture-in-picture; web-share\" referrerpolicy=\"strict-origin-when-cross-origin\" allowfullscreen><\/iframe>\n<\/div><\/figure>\n","protected":false},"excerpt":{"rendered":"<p>El gobernador Rogelio Frigerio recorri&oacute; la localidad del departamento Islas del Ibicuy y dialog&oacute; con los vecinos, escuch&oacute; las necesidades y se comprometi&oacute; a trabajar para dar respuestas. El anegamiento del camino de acceso y de campos son las principales preocupaciones. En el desarrollo de su agenda de trabajo, se reuni&oacute; con el presidente de [&hellip;]<\/p>\n","protected":false},"author":2,"featured_media":3297,"comment_status":"open","ping_status":"open","sticky":false,"template":"","format":"standard","meta":{"footnotes":""},"categories":[176,8],"tags":[257,999,998,997,245,996],"class_list":["post-3295","post","type-post","status-publish","format-standard","has-post-thumbnail","hentry","category-politica","category-provinciales","tag-entre-rios","tag-hernan-mendez","tag-martin-hornos","tag-nancay","tag-rogelio-frigerio","tag-visita"],"_links":{"self":[{"href":"https:\/\/partediario.com.ar\/index.php?rest_route=\/wp\/v2\/posts\/3295","targetHints":{"allow":["GET"]}}],"collection":[{"href":"https:\/\/partediario.com.ar\/index.php?rest_route=\/wp\/v2\/posts"}],"about":[{"href":"https:\/\/partediario.com.ar\/index.php?rest_route=\/wp\/v2\/types\/post"}],"author":[{"embeddable":true,"href":"https:\/\/partediario.com.ar\/index.php?rest_route=\/wp\/v2\/users\/2"}],"replies":[{"embeddable":true,"href":"https:\/\/partediario.com.ar\/index.php?rest_route=%2Fwp%2Fv2%2Fcomments&post=3295"}],"version-history":[{"count":1,"href":"https:\/\/partediario.com.ar\/index.php?rest_route=\/wp\/v2\/posts\/3295\/revisions"}],"predecessor-version":[{"id":3298,"href":"https:\/\/partediario.com.ar\/index.php?rest_route=\/wp\/v2\/posts\/3295\/revisions\/3298"}],"wp:featuredmedia":[{"embeddable":true,"href":"https:\/\/partediario.com.ar\/index.php?rest_route=\/wp\/v2\/media\/3297"}],"wp:attachment":[{"href":"https:\/\/partediario.com.ar\/index.php?rest_route=%2Fwp%2Fv2%2Fmedia&parent=3295"}],"wp:term":[{"taxonomy":"category","embeddable":true,"href":"https:\/\/partediario.com.ar\/index.php?rest_route=%2Fwp%2Fv2%2Fcategories&post=3295"},{"taxonomy":"post_tag","embeddable":true,"href":"https:\/\/partediario.com.ar\/index.php?rest_route=%2Fwp%2Fv2%2Ftags&post=3295"}],"curies":[{"name":"wp","href":"https:\/\/api.w.org\/{rel}","templated":true}]}}