{"id":3306,"date":"2024-06-25T12:19:29","date_gmt":"2024-06-25T15:19:29","guid":{"rendered":"https:\/\/partediario.com.ar\/?p=3306"},"modified":"2024-06-25T12:19:30","modified_gmt":"2024-06-25T15:19:30","slug":"alerta-por-frio-extremo-en-cinco-departamentos-de-entre-rios","status":"publish","type":"post","link":"https:\/\/partediario.com.ar\/?p=3306","title":{"rendered":"Alerta por fr\u00edo extremo en cinco departamentos de Entre R\u00edos"},"content":{"rendered":"\n<p><strong>Se aguardan d\u00edas de mucho fr\u00edo en Entre R\u00edos y gran parte del pa\u00eds. Paran\u00e1 y otros departamentos sufrir\u00e1n temperaturas muy bajas.<\/strong><\/p>\n\n\n\n<p>El Servicio Meteorol\u00f3gico Nacional -SMN- emiti\u00f3 este martes 25 de junio un alerta por \u00abtemperaturas extremas\u00bb en una zona de Entre R\u00edos. Espec\u00edficamente en Paran\u00e1, La Paz, Diamante, Villaguay y Nogoy\u00e1 se esperan un d\u00edas con mucho fr\u00edo, con sensaciones t\u00e9rmicas aun inferiores.<\/p>\n\n\n\n<p><\/p>\n\n\n\n<figure class=\"wp-block-image size-full\"><img loading=\"lazy\" decoding=\"async\" width=\"461\" height=\"522\" src=\"https:\/\/partediario.com.ar\/wp-content\/uploads\/scrnli_25_6_2024_12-09-10.png\" alt=\"\" class=\"wp-image-3307\" srcset=\"https:\/\/partediario.com.ar\/wp-content\/uploads\/scrnli_25_6_2024_12-09-10.png 461w, https:\/\/partediario.com.ar\/wp-content\/uploads\/scrnli_25_6_2024_12-09-10-265x300.png 265w\" sizes=\"auto, (max-width: 461px) 100vw, 461px\" \/><\/figure>\n\n\n\n<p><\/p>\n\n\n\n<p>El aviso meteorol\u00f3gico es de \u00abNivel amarillo: efecto leve a moderado en la salud\u00bb. Se informa que las temperaturas \u00abpueden ser peligrosas, sobre todo para los grupos de riesgo, como ni\u00f1os y ni\u00f1as, personas mayores de 65 a\u00f1os, con enfermedades cr\u00f3nicas\u00bb.<\/p>\n\n\n\n<p>Para este martes, la m\u00ednima fue de 5 grados y la m\u00e1xima rondar\u00eda los 13 grados. Mientras que la sensaci\u00f3n toc\u00f3 los 4 grados. Se aguarda un d\u00eda gris, inestable, con lloviznas y lluvias aisladas durante toda la jornada.<\/p>\n\n\n\n<p>El resto de la semana se mantendr\u00e1 con caracter\u00edsticas similares en toda la provincia, con temperaturas bajas t\u00edpicas para esta \u00e9poca del a\u00f1o. Adem\u00e1s, se advierte que llegar\u00e1 el fin de semana una nueva ola de fr\u00edo que har\u00e1 descender las temperaturas hasta 1 grado en algunas zonas de Entre R\u00edos.<\/p>\n\n\n\n<p>Las recomendaciones para este tipo de eventos son indicadas por el Ministerio de Salud. Se rese\u00f1a a continuaci\u00f3n algunas de ellas y se sugiere remitirse a la informaci\u00f3n oficial.<\/p>\n\n\n\n<ul class=\"wp-block-list\">\n<li>Evitar exponerse por tiempo prolongado al fr\u00edo en exteriores. De salir, abrigarse con muchas capas de ropa liviana.<\/li>\n\n\n\n<li>Generar m\u00e1s calor corporal mediante el movimiento (caminar, levantarse y sentarse, mover las extremidades, etc.).<\/li>\n\n\n\n<li>Mantener la casa calefaccionada de forma segura.<\/li>\n\n\n\n<li>Evitar los cambios bruscos de temperatura, ya que pueden provocar enfermedades del sistema respiratorio.<\/li>\n\n\n\n<li>Tomar mucho l\u00edquido y evitar el consumo de bebidas alcoh\u00f3licas.<\/li>\n\n\n\n<li>En caso de verse afectado por el fr\u00edo, no automedicarse, consultar con un m\u00e9dico o dirigirse al centro de salud m\u00e1s cercano.<\/li>\n\n\n\n<li>De tener medicaci\u00f3n recetada mantener el plan de acci\u00f3n actualizado.<\/li>\n\n\n\n<li>No fumar en ambientes cerrados.<\/li>\n\n\n\n<li>Prestar especial atenci\u00f3n a los ni\u00f1os y ni\u00f1as, a las personas mayores y aquellas con enfermedades cr\u00f3nicas.<\/li>\n<\/ul>\n","protected":false},"excerpt":{"rendered":"<p>Se aguardan d&iacute;as de mucho fr&iacute;o en Entre R&iacute;os y gran parte del pa&iacute;s. Paran&aacute; y otros departamentos sufrir&aacute;n temperaturas muy bajas. El Servicio Meteorol&oacute;gico Nacional -SMN- emiti&oacute; este martes 25 de junio un alerta por &laquo;temperaturas extremas&raquo; en una zona de Entre R&iacute;os. Espec&iacute;ficamente en Paran&aacute;, La Paz, Diamante, Villaguay y Nogoy&aacute; se esperan [&hellip;]<\/p>\n","protected":false},"author":2,"featured_media":3308,"comment_status":"open","ping_status":"open","sticky":false,"template":"","format":"standard","meta":{"footnotes":""},"categories":[6,8,726],"tags":[385,267,257,1004,384],"class_list":["post-3306","post","type-post","status-publish","format-standard","has-post-thumbnail","hentry","category-locales","category-provinciales","category-sociedad","tag-alerta","tag-clima","tag-entre-rios","tag-frio","tag-meteorologico"],"_links":{"self":[{"href":"https:\/\/partediario.com.ar\/index.php?rest_route=\/wp\/v2\/posts\/3306","targetHints":{"allow":["GET"]}}],"collection":[{"href":"https:\/\/partediario.com.ar\/index.php?rest_route=\/wp\/v2\/posts"}],"about":[{"href":"https:\/\/partediario.com.ar\/index.php?rest_route=\/wp\/v2\/types\/post"}],"author":[{"embeddable":true,"href":"https:\/\/partediario.com.ar\/index.php?rest_route=\/wp\/v2\/users\/2"}],"replies":[{"embeddable":true,"href":"https:\/\/partediario.com.ar\/index.php?rest_route=%2Fwp%2Fv2%2Fcomments&post=3306"}],"version-history":[{"count":1,"href":"https:\/\/partediario.com.ar\/index.php?rest_route=\/wp\/v2\/posts\/3306\/revisions"}],"predecessor-version":[{"id":3309,"href":"https:\/\/partediario.com.ar\/index.php?rest_route=\/wp\/v2\/posts\/3306\/revisions\/3309"}],"wp:featuredmedia":[{"embeddable":true,"href":"https:\/\/partediario.com.ar\/index.php?rest_route=\/wp\/v2\/media\/3308"}],"wp:attachment":[{"href":"https:\/\/partediario.com.ar\/index.php?rest_route=%2Fwp%2Fv2%2Fmedia&parent=3306"}],"wp:term":[{"taxonomy":"category","embeddable":true,"href":"https:\/\/partediario.com.ar\/index.php?rest_route=%2Fwp%2Fv2%2Fcategories&post=3306"},{"taxonomy":"post_tag","embeddable":true,"href":"https:\/\/partediario.com.ar\/index.php?rest_route=%2Fwp%2Fv2%2Ftags&post=3306"}],"curies":[{"name":"wp","href":"https:\/\/api.w.org\/{rel}","templated":true}]}}