{"id":3325,"date":"2024-06-25T13:47:07","date_gmt":"2024-06-25T16:47:07","guid":{"rendered":"https:\/\/partediario.com.ar\/?p=3325"},"modified":"2024-06-25T13:47:08","modified_gmt":"2024-06-25T16:47:08","slug":"parana-cumple-211-anos-e-izaron-la-bandera-argentina-con-la-presencia-de-rosario-romero-y-david-caceres","status":"publish","type":"post","link":"https:\/\/partediario.com.ar\/?p=3325","title":{"rendered":"Paran\u00e1 cumple 211 a\u00f1os e izaron la Bandera Argentina con la presencia de Rosario Romero y David C\u00e1ceres"},"content":{"rendered":"\n<p><strong>Con motivo de conmemorarse el 211\u00b0 Aniversario de la ciudad de Paran\u00e1, se iz\u00f3 la Bandera Argentina esta ma\u00f1ana en Plaza de Mayo.<\/strong><\/p>\n\n\n\n<p>Paran\u00e1 cumple 211 a\u00f1os este martes y, como parte de la conmemoraci\u00f3n se iz\u00f3 la Bandera Argentina en la Plaza 1\u00ba de Mayo. La intendenta Rosario Romero encabez\u00f3 el acto por el aniversario de la elevaci\u00f3n a Villa de la capital entrerriana. \u201cSentimos mucha alegr\u00eda porque celebramos contando historias, las cosas buenas hay que festejarlas\u201d, manifest\u00f3.<\/p>\n\n\n\n<p>\u201cEn todos estos d\u00edas la ciudad se ha visto llena de m\u00fasica, de arte, de emprendedores y de visitantes, algo importante porque hubo un porcentaje grande de ocupaci\u00f3n hotelera y una activaci\u00f3n de nuestro comercio\u201d, reflexion\u00f3 la presidenta municipal.<\/p>\n\n\n\n<p>\u201cLos paranaenses acompa\u00f1aron y fueron protagonistas, los comerciantes abrieron sus puertas y el vecino, con la amabilidad que nos caracteriza, recibi\u00f3 a quienes nos visitaron desde el resto de Entre R\u00edos y tambi\u00e9n de otras provincias\u201d, concluy\u00f3.<\/p>\n\n\n\n<p>Estuvieron presentes el viceintendente David C\u00e1ceres, adem\u00e1s de funcionarios de distintas secretar\u00edas y concejales.<\/p>\n","protected":false},"excerpt":{"rendered":"<p>Con motivo de conmemorarse el 211&deg; Aniversario de la ciudad de Paran&aacute;, se iz&oacute; la Bandera Argentina esta ma&ntilde;ana en Plaza de Mayo. Paran&aacute; cumple 211 a&ntilde;os este martes y, como parte de la conmemoraci&oacute;n se iz&oacute; la Bandera Argentina en la Plaza 1&ordm; de Mayo. La intendenta Rosario Romero encabez&oacute; el acto por el [&hellip;]<\/p>\n","protected":false},"author":2,"featured_media":3326,"comment_status":"open","ping_status":"open","sticky":false,"template":"","format":"standard","meta":{"footnotes":""},"categories":[6,726],"tags":[631,453,265,242],"class_list":["post-3325","post","type-post","status-publish","format-standard","has-post-thumbnail","hentry","category-locales","category-sociedad","tag-aniversario","tag-david-caceres","tag-parana","tag-rosario-romero"],"_links":{"self":[{"href":"https:\/\/partediario.com.ar\/index.php?rest_route=\/wp\/v2\/posts\/3325","targetHints":{"allow":["GET"]}}],"collection":[{"href":"https:\/\/partediario.com.ar\/index.php?rest_route=\/wp\/v2\/posts"}],"about":[{"href":"https:\/\/partediario.com.ar\/index.php?rest_route=\/wp\/v2\/types\/post"}],"author":[{"embeddable":true,"href":"https:\/\/partediario.com.ar\/index.php?rest_route=\/wp\/v2\/users\/2"}],"replies":[{"embeddable":true,"href":"https:\/\/partediario.com.ar\/index.php?rest_route=%2Fwp%2Fv2%2Fcomments&post=3325"}],"version-history":[{"count":1,"href":"https:\/\/partediario.com.ar\/index.php?rest_route=\/wp\/v2\/posts\/3325\/revisions"}],"predecessor-version":[{"id":3327,"href":"https:\/\/partediario.com.ar\/index.php?rest_route=\/wp\/v2\/posts\/3325\/revisions\/3327"}],"wp:featuredmedia":[{"embeddable":true,"href":"https:\/\/partediario.com.ar\/index.php?rest_route=\/wp\/v2\/media\/3326"}],"wp:attachment":[{"href":"https:\/\/partediario.com.ar\/index.php?rest_route=%2Fwp%2Fv2%2Fmedia&parent=3325"}],"wp:term":[{"taxonomy":"category","embeddable":true,"href":"https:\/\/partediario.com.ar\/index.php?rest_route=%2Fwp%2Fv2%2Fcategories&post=3325"},{"taxonomy":"post_tag","embeddable":true,"href":"https:\/\/partediario.com.ar\/index.php?rest_route=%2Fwp%2Fv2%2Ftags&post=3325"}],"curies":[{"name":"wp","href":"https:\/\/api.w.org\/{rel}","templated":true}]}}