{"id":3328,"date":"2024-06-25T13:55:36","date_gmt":"2024-06-25T16:55:36","guid":{"rendered":"https:\/\/partediario.com.ar\/?p=3328"},"modified":"2024-06-25T13:55:41","modified_gmt":"2024-06-25T16:55:41","slug":"frigerio-participara-de-una-declaracion-conjunta-de-gobernadores-a-30-anos-del-atentado-a-la-amia","status":"publish","type":"post","link":"https:\/\/partediario.com.ar\/?p=3328","title":{"rendered":"Frigerio participar\u00e1 de una declaraci\u00f3n conjunta de gobernadores a 30 a\u00f1os del atentado a la AMIA"},"content":{"rendered":"\n<p><strong>Realizar\u00e1 una declaraci\u00f3n con otros gobernadores. En la misma expresaran su voluntad y compromiso con el pedido de justicia. El Encuentro Federal por la Memoria es organizado por la AMIA en el emblem\u00e1tico edificio.<\/strong><\/p>\n\n\n\n<p>El gobernador de Entre R\u00edos, Rogelio Frigerio participar\u00e1 este martes junto a muchos de sus pares de una declaraci\u00f3n conjunta para renovar el compromiso con la b\u00fasqueda de justicia y con la denuncia de la impunidad vigente en la causa, a 30 a\u00f1os del atentado terrorista en la ciudad de Buenos Aires, en la sede de la AMIA ocurrido el 18 de julio de 1994.<\/p>\n\n\n\n<p>\u201cLa jornada es in\u00e9dita, ya que se trata de la primera vez que se re\u00fanen los mandatorios provinciales de la Argentina, para dejar expresada su voluntad y compromiso con la imperiosa necesidad de que en la causa AMIA se haga justicia\u00bb, manifest\u00f3 el presidente de AMIA, Amos Linetzky.<\/p>\n\n\n\n<p>El encuentro se llevar\u00e1 a cabo en el emblem\u00e1tico edificio de la AMIA, donde los mandatarios provinciales rubricar\u00e1n un compromiso para realizar y apoyar la organizaci\u00f3n de actividades tendientes a denunciar la impunidad vigente en la causa, y mantener vivo el reclamo de justicia, y el homenaje permanente a las 85 v\u00edctimas fatales de la masacre perpetrada el 18 de julio de 1994.<\/p>\n\n\n\n<p>Del acto participar\u00e1n el jefe de Gabinete del Ejecutivo libertario, Guillermo Francos, donde adem\u00e1s de Frigerio est\u00e1n confirmadas las presencias de los gobernadores Axel Kicillof (Buenos Aires), Jorge Macri (Capital Federal), Ra\u00fal Jalil (Catamarca), Mart\u00edn Llaryora (C\u00f3rdoba), Leandro Zdero (Chaco), Sergio Ziliotto (La Pampa), Alfredo Cornejo (Mendoza), Maximiliano Pullaro (Santa Fe), Gerardo Zamora (Santiago del Estero), Claudio Poggi (San Luis), Marcelo Orrego (San Juan), Claudio Vidal (Santa Cruz) y Osvaldo Jaldo (Tucum\u00e1n), entre otros.<\/p>\n\n\n\n<p>Los otros dos puntos del documento que ser\u00e1 rubricado apuntan a asegurar que la educaci\u00f3n sea un pilar central para transmitir valores de respeto, concordia y solidaridad, y para ense\u00f1ar, a las futuras generaciones, las funestas consecuencias que el terrorismo y la violencia dejan en la sociedad; y contribuir con proyectos y programas sociales, culturales y educativos al combate contra el antisemitismo y la xenofobia, promoviendo una cultura de respeto y entendimiento mutuo.<\/p>\n","protected":false},"excerpt":{"rendered":"<p>Realizar&aacute; una declaraci&oacute;n con otros gobernadores. En la misma expresaran su voluntad y compromiso con el pedido de justicia. El Encuentro Federal por la Memoria es organizado por la AMIA en el emblem&aacute;tico edificio. El gobernador de Entre R&iacute;os, Rogelio Frigerio participar&aacute; este martes junto a muchos de sus pares de una declaraci&oacute;n conjunta para [&hellip;]<\/p>\n","protected":false},"author":2,"featured_media":3329,"comment_status":"open","ping_status":"open","sticky":false,"template":"","format":"standard","meta":{"footnotes":""},"categories":[5,176,726],"tags":[1019,1022,1020,1023,245],"class_list":["post-3328","post","type-post","status-publish","format-standard","has-post-thumbnail","hentry","category-nacionales","category-politica","category-sociedad","tag-amia","tag-atentado","tag-declaracion","tag-gobernadores","tag-rogelio-frigerio"],"_links":{"self":[{"href":"https:\/\/partediario.com.ar\/index.php?rest_route=\/wp\/v2\/posts\/3328","targetHints":{"allow":["GET"]}}],"collection":[{"href":"https:\/\/partediario.com.ar\/index.php?rest_route=\/wp\/v2\/posts"}],"about":[{"href":"https:\/\/partediario.com.ar\/index.php?rest_route=\/wp\/v2\/types\/post"}],"author":[{"embeddable":true,"href":"https:\/\/partediario.com.ar\/index.php?rest_route=\/wp\/v2\/users\/2"}],"replies":[{"embeddable":true,"href":"https:\/\/partediario.com.ar\/index.php?rest_route=%2Fwp%2Fv2%2Fcomments&post=3328"}],"version-history":[{"count":1,"href":"https:\/\/partediario.com.ar\/index.php?rest_route=\/wp\/v2\/posts\/3328\/revisions"}],"predecessor-version":[{"id":3330,"href":"https:\/\/partediario.com.ar\/index.php?rest_route=\/wp\/v2\/posts\/3328\/revisions\/3330"}],"wp:featuredmedia":[{"embeddable":true,"href":"https:\/\/partediario.com.ar\/index.php?rest_route=\/wp\/v2\/media\/3329"}],"wp:attachment":[{"href":"https:\/\/partediario.com.ar\/index.php?rest_route=%2Fwp%2Fv2%2Fmedia&parent=3328"}],"wp:term":[{"taxonomy":"category","embeddable":true,"href":"https:\/\/partediario.com.ar\/index.php?rest_route=%2Fwp%2Fv2%2Fcategories&post=3328"},{"taxonomy":"post_tag","embeddable":true,"href":"https:\/\/partediario.com.ar\/index.php?rest_route=%2Fwp%2Fv2%2Ftags&post=3328"}],"curies":[{"name":"wp","href":"https:\/\/api.w.org\/{rel}","templated":true}]}}