{"id":3336,"date":"2024-06-25T17:46:56","date_gmt":"2024-06-25T20:46:56","guid":{"rendered":"https:\/\/partediario.com.ar\/?p=3336"},"modified":"2024-06-25T17:46:57","modified_gmt":"2024-06-25T20:46:57","slug":"caso-loan-hay-sinverguenzas-que-aprovechan-para-adopciones-y-pedofilia-expreso-martha-pelloni","status":"publish","type":"post","link":"https:\/\/partediario.com.ar\/?p=3336","title":{"rendered":"Caso Loan: \u00abHay sinverg\u00fcenzas que aprovechan para adopciones y pedofilia\u00bb, expres\u00f3 Martha Pelloni"},"content":{"rendered":"\n<p><strong>Como coordinadora de la red \u201cInfancia Robada\u201d dispar\u00f3 contra las redes de trata de persona y afirm\u00f3 que existe \u201cuna mafia\u00bb en torno al secuestro de ni\u00f1os.<\/strong><\/p>\n\n\n\n<p>Pasaron doce d\u00edas de la dudosa desaparici\u00f3n del Loan Danilo Pe\u00f1a, el ni\u00f1o de 5 a\u00f1os que es buscado intensamente desde el pasado 13 de junio en la zona rural de la localidad de 9 de junio, en la provincia de Corrientes.<\/p>\n\n\n\n<p>Si bien en un inicio, las autoridades judiciales ordenaron un rastrillaje en la zona bajo la hip\u00f3tesis de que el menor se hab\u00eda \u00abperdido\u00bb, con el paso de los d\u00edas crecen las sospechas de que Loan habr\u00eda sido v\u00edctima de trata de personas.<\/p>\n\n\n\n<p>Vale recordar que para su b\u00fasqueda, el Gobierno nacional destin\u00f3 personal especializado y la participaci\u00f3n de la Polic\u00eda Cient\u00edfica, Prefectura Naval Argentina y Gendarmer\u00eda Nacional Argentina. Uno de los funcionarios del Gobierno de Javier Milei que m\u00e1s abona la idea de que el ni\u00f1o fue raptado es el propio ministro de Justicia, Mariano C\u00faneo Libarona. Seg\u00fan manifest\u00f3 en las \u00faltimas horas, la trata de personas es \u00abla hip\u00f3tesis m\u00e1s fuerte\u00bb.<\/p>\n\n\n\n<p>Mientras los argentinos siguen minuto a minuto los medios period\u00edsticos por la desaparici\u00f3n del menor y la ministra de Seguridad, Patricia Bullrich, viaj\u00f3 especialmente a la ciudad de Goya para avanzar en la b\u00fasqueda, quien habl\u00f3 de la gravedad y el trasfondo de c\u00f3mo trabajan las redes de trata de personas en el pa\u00eds, fue la hermana Martha Pelloni, coordinadora de la red \u201cInfancia Robada\u201d.<\/p>\n\n\n\n<p>\u201cEn la trata puede haber una mafia donde hay abusos y se entregan ni\u00f1os\u201d, dispar\u00f3. \u201cHay sinverg\u00fcenzas que aprovechan para adopciones y pedofilia. Yo destaqu\u00e9 la figura del nene (por Loan Pe\u00f1a): canta, baila\u2026 Y eso vale para pornograf\u00eda. Los chicos valen por sus habilidades en el mercado negro\u201d, afirm\u00f3.<\/p>\n","protected":false},"excerpt":{"rendered":"<p>Como coordinadora de la red &ldquo;Infancia Robada&rdquo; dispar&oacute; contra las redes de trata de persona y afirm&oacute; que existe &ldquo;una mafia&raquo; en torno al secuestro de ni&ntilde;os. Pasaron doce d&iacute;as de la dudosa desaparici&oacute;n del Loan Danilo Pe&ntilde;a, el ni&ntilde;o de 5 a&ntilde;os que es buscado intensamente desde el pasado 13 de junio en la [&hellip;]<\/p>\n","protected":false},"author":2,"featured_media":3337,"comment_status":"open","ping_status":"open","sticky":false,"template":"","format":"standard","meta":{"footnotes":""},"categories":[979,5,7,726],"tags":[1030,448,909,232,489,1031,1027,510,1029,934],"class_list":["post-3336","post","type-post","status-publish","format-standard","has-post-thumbnail","hentry","category-judiciales","category-nacionales","category-policiales","category-sociedad","tag-adopciones","tag-corrientes","tag-goya","tag-javier-milei","tag-loan-danilo-pena","tag-mario-cuneo-libarona","tag-martha-pelloni","tag-patricia-bullrich","tag-pedofilia","tag-trata"],"_links":{"self":[{"href":"https:\/\/partediario.com.ar\/index.php?rest_route=\/wp\/v2\/posts\/3336","targetHints":{"allow":["GET"]}}],"collection":[{"href":"https:\/\/partediario.com.ar\/index.php?rest_route=\/wp\/v2\/posts"}],"about":[{"href":"https:\/\/partediario.com.ar\/index.php?rest_route=\/wp\/v2\/types\/post"}],"author":[{"embeddable":true,"href":"https:\/\/partediario.com.ar\/index.php?rest_route=\/wp\/v2\/users\/2"}],"replies":[{"embeddable":true,"href":"https:\/\/partediario.com.ar\/index.php?rest_route=%2Fwp%2Fv2%2Fcomments&post=3336"}],"version-history":[{"count":1,"href":"https:\/\/partediario.com.ar\/index.php?rest_route=\/wp\/v2\/posts\/3336\/revisions"}],"predecessor-version":[{"id":3338,"href":"https:\/\/partediario.com.ar\/index.php?rest_route=\/wp\/v2\/posts\/3336\/revisions\/3338"}],"wp:featuredmedia":[{"embeddable":true,"href":"https:\/\/partediario.com.ar\/index.php?rest_route=\/wp\/v2\/media\/3337"}],"wp:attachment":[{"href":"https:\/\/partediario.com.ar\/index.php?rest_route=%2Fwp%2Fv2%2Fmedia&parent=3336"}],"wp:term":[{"taxonomy":"category","embeddable":true,"href":"https:\/\/partediario.com.ar\/index.php?rest_route=%2Fwp%2Fv2%2Fcategories&post=3336"},{"taxonomy":"post_tag","embeddable":true,"href":"https:\/\/partediario.com.ar\/index.php?rest_route=%2Fwp%2Fv2%2Ftags&post=3336"}],"curies":[{"name":"wp","href":"https:\/\/api.w.org\/{rel}","templated":true}]}}