{"id":3351,"date":"2024-06-26T09:07:27","date_gmt":"2024-06-26T12:07:27","guid":{"rendered":"https:\/\/partediario.com.ar\/?p=3351"},"modified":"2024-06-26T09:22:52","modified_gmt":"2024-06-26T12:22:52","slug":"clima-en-entre-rios-se-espara-una-olar-polar-pronostican-hasta-2","status":"publish","type":"post","link":"https:\/\/partediario.com.ar\/?p=3351","title":{"rendered":"Clima en Entre R\u00edos: se espera una ola polar y pronostican hasta -2\u00b0"},"content":{"rendered":"\n<p><strong>Con la llegada de una nueva ola polar, el fr\u00edo se har\u00e1 m\u00e1s intenso durante el fin de semana en Entre R\u00edos y la regi\u00f3n.<\/strong><\/p>\n\n\n\n<p>El Servicio Meteorol\u00f3gico Nacional -SMN- pronostica la llegada de una nueva ola polar el fin de semana en Entre R\u00edos y otras provincias del pa\u00eds. Se aguarda un nuevo descenso de temperaturas, que ser\u00edan bajo cero, de hasta -2\u00b0C, con sensaciones t\u00e9rmicas inferiores.<\/p>\n\n\n\n<p>Sin embargo este jueves y viernes se dar\u00eda un suave repunte de las temperaturas, y llegar\u00eda posteriormente viento sur que har\u00e1 sentir mucho m\u00e1s el fr\u00edo del invierno en la regi\u00f3n. El s\u00e1bado y el domingo ser\u00edan los d\u00edas m\u00e1s fr\u00edos en Entre R\u00edos.<\/p>\n\n\n\n<p>No hay anuncio de inestabilidades para los pr\u00f3ximos d\u00edas en la provincia. La nubosidad ser\u00e1 variable, con algunas neblinas durante algunas ma\u00f1anas, pero sin pron\u00f3stico de lluvias. El domingo 30 de junio ser\u00e1 el d\u00eda m\u00e1s fr\u00edo en Entre R\u00edos.<\/p>\n\n\n\n<p><\/p>\n\n\n\n<figure class=\"wp-block-image size-full\"><img loading=\"lazy\" decoding=\"async\" width=\"678\" height=\"555\" src=\"https:\/\/partediario.com.ar\/wp-content\/uploads\/scrnli_26_6_2024_9-04-41.png\" alt=\"\" class=\"wp-image-3352\" srcset=\"https:\/\/partediario.com.ar\/wp-content\/uploads\/scrnli_26_6_2024_9-04-41.png 678w, https:\/\/partediario.com.ar\/wp-content\/uploads\/scrnli_26_6_2024_9-04-41-300x246.png 300w\" sizes=\"auto, (max-width: 678px) 100vw, 678px\" \/><\/figure>\n\n\n\n<p><\/p>\n\n\n\n<p>En Paran\u00e1, La Paz, Diamante, Villaguay y Nogoy\u00e1 esperan que el domingo ser\u00e1 el d\u00eda m\u00e1s helado, con una m\u00ednima que llegar\u00eda a -1\u00b0C.<\/p>\n\n\n\n<p>Mientras que en Concordia, Federal, Federaci\u00f3n, Feliciano y San Salvador pronostican para el domingo una m\u00ednima de -2\u00b0C y una m\u00e1xima de 14\u00b0C.<\/p>\n\n\n\n<p>En Col\u00f3n, Uruguay, Islas del Ibicuy, Tala y Gualeguaych\u00fa anuncian para el domingo m\u00ednima de -2\u00b0C y una m\u00e1xima de 14\u00b0C.<\/p>\n\n\n\n<p>En Gualeguay y Victoria se aguardan m\u00ednimas de -1\u00b0C el domingo y m\u00e1ximas de hasta 15\u00b0C.<\/p>\n","protected":false},"excerpt":{"rendered":"<p>Con la llegada de una nueva ola polar, el fr&iacute;o se har&aacute; m&aacute;s intenso durante el fin de semana en Entre R&iacute;os y la regi&oacute;n. El Servicio Meteorol&oacute;gico Nacional -SMN- pronostica la llegada de una nueva ola polar el fin de semana en Entre R&iacute;os y otras provincias del pa&iacute;s. Se aguarda un nuevo descenso [&hellip;]<\/p>\n","protected":false},"author":2,"featured_media":3353,"comment_status":"open","ping_status":"open","sticky":false,"template":"","format":"standard","meta":{"footnotes":""},"categories":[8,726],"tags":[267,257],"class_list":["post-3351","post","type-post","status-publish","format-standard","has-post-thumbnail","hentry","category-provinciales","category-sociedad","tag-clima","tag-entre-rios"],"_links":{"self":[{"href":"https:\/\/partediario.com.ar\/index.php?rest_route=\/wp\/v2\/posts\/3351","targetHints":{"allow":["GET"]}}],"collection":[{"href":"https:\/\/partediario.com.ar\/index.php?rest_route=\/wp\/v2\/posts"}],"about":[{"href":"https:\/\/partediario.com.ar\/index.php?rest_route=\/wp\/v2\/types\/post"}],"author":[{"embeddable":true,"href":"https:\/\/partediario.com.ar\/index.php?rest_route=\/wp\/v2\/users\/2"}],"replies":[{"embeddable":true,"href":"https:\/\/partediario.com.ar\/index.php?rest_route=%2Fwp%2Fv2%2Fcomments&post=3351"}],"version-history":[{"count":2,"href":"https:\/\/partediario.com.ar\/index.php?rest_route=\/wp\/v2\/posts\/3351\/revisions"}],"predecessor-version":[{"id":3356,"href":"https:\/\/partediario.com.ar\/index.php?rest_route=\/wp\/v2\/posts\/3351\/revisions\/3356"}],"wp:featuredmedia":[{"embeddable":true,"href":"https:\/\/partediario.com.ar\/index.php?rest_route=\/wp\/v2\/media\/3353"}],"wp:attachment":[{"href":"https:\/\/partediario.com.ar\/index.php?rest_route=%2Fwp%2Fv2%2Fmedia&parent=3351"}],"wp:term":[{"taxonomy":"category","embeddable":true,"href":"https:\/\/partediario.com.ar\/index.php?rest_route=%2Fwp%2Fv2%2Fcategories&post=3351"},{"taxonomy":"post_tag","embeddable":true,"href":"https:\/\/partediario.com.ar\/index.php?rest_route=%2Fwp%2Fv2%2Ftags&post=3351"}],"curies":[{"name":"wp","href":"https:\/\/api.w.org\/{rel}","templated":true}]}}