{"id":3360,"date":"2024-06-26T10:19:59","date_gmt":"2024-06-26T13:19:59","guid":{"rendered":"https:\/\/partediario.com.ar\/?p=3360"},"modified":"2024-06-26T10:20:00","modified_gmt":"2024-06-26T13:20:00","slug":"aumentaran-las-facturas-de-luz-y-gas-en-entre-rios-tras-quita-de-subsidios-de-nacion","status":"publish","type":"post","link":"https:\/\/partediario.com.ar\/?p=3360","title":{"rendered":"Aumentar\u00e1n las facturas de luz y gas en Entre R\u00edos tras quita de subsidios de Naci\u00f3n"},"content":{"rendered":"\n<p><strong>Tras el inicio de quita de subsidios del gobierno nacional se aguardan incrementos en las pr\u00f3ximas facturas de luz y gas, los cuales impactar\u00e1n en Entre R\u00edos.<\/strong><\/p>\n\n\n\n<p>Por decisi\u00f3n del Gobierno nacional, el 1 de junio comenz\u00f3 la transici\u00f3n hacia la quita gradual de subsidios en las tarifas de luz y gas, lo que generar\u00f1a un incremento en las facturas mensuales que reciben los hogares de las familias entrerrianas. Adem\u00e1s, Naci\u00f3n decidi\u00f3 focalizar los subsidios poniendo topes al consumo mensual de cada categor\u00eda de usuarios.<\/p>\n\n\n\n<p>La reestructuraci\u00f3n realizada por el gobierno nacional tiene un esquema triple: aumenta el valor de la energ\u00eda; se reducen los subsidios, con topes en los kilovatios\/hora por mes; y se determinan los vol\u00famenes m\u00e1ximos de consumo subsidiable para las categor\u00edas N2, que ser\u00e1 de 350 kWh por mes, y de 250 kWh por mes para la categor\u00eda N3.<\/p>\n\n\n\n<p><strong>Subsidios: topes de consumo<\/strong><\/p>\n\n\n\n<p>El gobierno nacional establece nuevos topes de consumo para la energ\u00eda subsidiada de los Niveles 2 y 3. Los sectores de ingresos bajos (N2), que hasta ahora no contaban con l\u00edmites, tendr\u00e1n subsidiados hasta 350 kWh por mes. En tanto, los sectores de ingresos medios (N3) tendr\u00e1n un tope mensual de subsidios de 250 kWh (antes era de 400 kWh por mes).<\/p>\n\n\n\n<p>Todos los consumos que superen estos topes, pagar\u00e1n el resto de la tarifa de forma plena. Esto quiere decir que pagar\u00e1n el costo total sin importar si tienen ingresos bajos (N2) o medios (N3).<\/p>\n\n\n\n<p><strong>Esquema de segmentaci\u00f3n:<\/strong><\/p>\n\n\n\n<p>N1: Sin subsidios. Ingresos familiares superiores a $2.706.848,00. Abonan la tarifa plena. No tienen tope de consumo.<\/p>\n\n\n\n<p>N2: Ingresos familiares bajos menores a $773.385,00. Escasos recursos. Hasta ahora no ten\u00edan topes de consumo de potencia, ahora s\u00ed: 350 kWh por mes.<\/p>\n\n\n\n<p>N3: Ingresos familiares medios entre $773.385 y $2.706.848,00. Solo se subsidia 250 kWh por mes. Antes era de 400 kWh.<\/p>\n\n\n\n<p>Hasta el 31 de julio, inclusive, las familias entrerrianas tienen tiempo para no perder el beneficio inscribi\u00e9ndose en el Registro de Acceso de Subsidios a la Energ\u00eda (RASE), deben hacerlo ingresando en <a href=\"https:\/\/www.argentina.gob.ar\/subsidios\">https:\/\/www.argentina.gob.ar\/subsidios<\/a><\/p>\n","protected":false},"excerpt":{"rendered":"<p>Tras el inicio de quita de subsidios del gobierno nacional se aguardan incrementos en las pr&oacute;ximas facturas de luz y gas, los cuales impactar&aacute;n en Entre R&iacute;os. Por decisi&oacute;n del Gobierno nacional, el 1 de junio comenz&oacute; la transici&oacute;n hacia la quita gradual de subsidios en las tarifas de luz y gas, lo que generar&ntilde;a [&hellip;]<\/p>\n","protected":false},"author":2,"featured_media":3361,"comment_status":"open","ping_status":"open","sticky":false,"template":"","format":"standard","meta":{"footnotes":""},"categories":[6,8,726],"tags":[622,257,624,1046,332,1047],"class_list":["post-3360","post","type-post","status-publish","format-standard","has-post-thumbnail","hentry","category-locales","category-provinciales","category-sociedad","tag-aumento","tag-entre-rios","tag-gas","tag-luz","tag-nacion","tag-subsidios"],"_links":{"self":[{"href":"https:\/\/partediario.com.ar\/index.php?rest_route=\/wp\/v2\/posts\/3360","targetHints":{"allow":["GET"]}}],"collection":[{"href":"https:\/\/partediario.com.ar\/index.php?rest_route=\/wp\/v2\/posts"}],"about":[{"href":"https:\/\/partediario.com.ar\/index.php?rest_route=\/wp\/v2\/types\/post"}],"author":[{"embeddable":true,"href":"https:\/\/partediario.com.ar\/index.php?rest_route=\/wp\/v2\/users\/2"}],"replies":[{"embeddable":true,"href":"https:\/\/partediario.com.ar\/index.php?rest_route=%2Fwp%2Fv2%2Fcomments&post=3360"}],"version-history":[{"count":1,"href":"https:\/\/partediario.com.ar\/index.php?rest_route=\/wp\/v2\/posts\/3360\/revisions"}],"predecessor-version":[{"id":3362,"href":"https:\/\/partediario.com.ar\/index.php?rest_route=\/wp\/v2\/posts\/3360\/revisions\/3362"}],"wp:featuredmedia":[{"embeddable":true,"href":"https:\/\/partediario.com.ar\/index.php?rest_route=\/wp\/v2\/media\/3361"}],"wp:attachment":[{"href":"https:\/\/partediario.com.ar\/index.php?rest_route=%2Fwp%2Fv2%2Fmedia&parent=3360"}],"wp:term":[{"taxonomy":"category","embeddable":true,"href":"https:\/\/partediario.com.ar\/index.php?rest_route=%2Fwp%2Fv2%2Fcategories&post=3360"},{"taxonomy":"post_tag","embeddable":true,"href":"https:\/\/partediario.com.ar\/index.php?rest_route=%2Fwp%2Fv2%2Ftags&post=3360"}],"curies":[{"name":"wp","href":"https:\/\/api.w.org\/{rel}","templated":true}]}}