{"id":3367,"date":"2024-06-26T10:54:14","date_gmt":"2024-06-26T13:54:14","guid":{"rendered":"https:\/\/partediario.com.ar\/?p=3367"},"modified":"2024-06-26T10:54:15","modified_gmt":"2024-06-26T13:54:15","slug":"parana-la-justicia-ordeno-informar-que-los-terrenos-del-patito-siriri-que-se-remataran-estan-sujetos-a-expropiacion","status":"publish","type":"post","link":"https:\/\/partediario.com.ar\/?p=3367","title":{"rendered":"Paran\u00e1: la Justicia orden\u00f3 informar que los terrenos del Patito Sirir\u00ed que se rematar\u00e1n est\u00e1n sujetos a expropiaci\u00f3n"},"content":{"rendered":"\n<p><strong>La jueza Virginia Correnti dispuso que en el remate de los terrenos de la costanera paranaense ubicados en la zona del Patito Sirir\u00ed se informe a los posibles compradores, que el predio ha sido declarado de utilidad p\u00fablica y est\u00e1 sujeto a expropiaci\u00f3n por parte de la Municipalidad de Paran\u00e1.<\/strong><\/p>\n\n\n\n<p>La disposici\u00f3n de la magistrada, que es la misma que dispuso la subasta en el marco de la causa \u00abArmandola Jos\u00e9 Mar\u00eda C\/ Pinto Guillermo Enrique\u201d, tom\u00f3 en consideraci\u00f3n la ordenanza aprobada por el Concejo Deliberante de Paran\u00e1 el 11 de junio pasado, que estableci\u00f3 que se buscaba proteger el patrimonio paisaj\u00edstico, cultural, tur\u00edstico e hist\u00f3rico de la zona.<\/p>\n\n\n\n<p>La respuesta de las partes interesadas en la venta es que esa declaraci\u00f3n s\u00f3lo se puede hacer por ley provincial. Pero Correnti consider\u00f3 que esa declaraci\u00f3n del Concejo \u201cpodr\u00eda variar la suerte y condici\u00f3n del inmueble objeto del procedimiento de subasta\u201d si la Legislatura provincia sanciona una norma avalando lo dispuesto en la ordenanza.<\/p>\n\n\n\n<p>Esto afectar\u00eda \u201clas condiciones que fueron correctamente publicadas\u201d y traer aparejado \u201cun perjuicio para el adquirente\/comprador\u201d.<\/p>\n\n\n\n<p><strong>La ordenanza aprobada por el Concejo Deliberante de Paran\u00e1<\/strong><\/p>\n\n\n\n<p>El 16 de junio, durante la octava sesi\u00f3n ordinaria de este a\u00f1o, los ediles paranaenses aprobaron sobre tablas y por mayor\u00eda un proyecto, impulsado por el bloque de \u201cM\u00e1s por Entre R\u00edos\u201d, mediante el cual se declar\u00f3 de utilidad p\u00fablica y sujeto a expropiaci\u00f3n el inmueble ubicado en la zona comprendida por las calles Gregoria Matorras de San Mart\u00edn, al Este; Manuel Alberti, hacia el Sur; H\u00e9roes y M\u00e1rtires del 9 de junio de 1955, al Noreste; y Av. Laurencena, al Norte. Estos terrenos aparecen como lindantes, pero a la vez indivisibles del \u201cParque General Justo Jos\u00e9 de Urquiza\u201d de Paran\u00e1, y como continuaci\u00f3n del parque denominado \u201cPatito Sirir\u00ed\u201d.<\/p>\n\n\n\n<p>En el art\u00edculo 2\u00b0 de la ordenanza se dispone que la expropiaci\u00f3n \u201ctiene por objeto la preservaci\u00f3n del patrimonio paisaj\u00edstico, cultural, tur\u00edstico e hist\u00f3rico, anexando los respectivos lotes, los que formar\u00e1n parte del Parque General Justo Jos\u00e9 de Urquiza\u201d.<\/p>\n\n\n\n<p>Al fundamentar el proyecto en el recinto, el presidente del bloque \u201cM\u00e1s para Entre R\u00edos\u201d, concejal Enrique R\u00edos, expres\u00f3: \u201cLo que buscamos a trav\u00e9s de esta iniciativa es darle las herramientas institucionales a la Legislatura provincial para que pueda declarar sujetos a expropiaci\u00f3n estos terrenos que ya han sido incorporados por los paranaenses como un espacio p\u00fablico, m\u00e1s all\u00e1 de que son de dominio privado\u201d.<\/p>\n\n\n\n<p>Y a\u00f1adi\u00f3: \u201cEstos espacios conforman una parte vital del Parque Urquiza, es por eso que buscamos que estos miradores puedan ser para el libre uso de los paranaenses y no para el beneficio de unos pocos\u201d.<\/p>\n\n\n\n<p>\u201cEntendemos tambi\u00e9n que estamos dando respuesta a una demanda de muchos sectores que hace a\u00f1os vienen bregando por la incorporaci\u00f3n de estos terrenos al espacio p\u00fablico de la ciudad\u201d, cerr\u00f3 R\u00edos.<\/p>\n","protected":false},"excerpt":{"rendered":"<p>La jueza Virginia Correnti dispuso que en el remate de los terrenos de la costanera paranaense ubicados en la zona del Patito Sirir&iacute; se informe a los posibles compradores, que el predio ha sido declarado de utilidad p&uacute;blica y est&aacute; sujeto a expropiaci&oacute;n por parte de la Municipalidad de Paran&aacute;. La disposici&oacute;n de la magistrada, [&hellip;]<\/p>\n","protected":false},"author":2,"featured_media":3368,"comment_status":"open","ping_status":"open","sticky":false,"template":"","format":"standard","meta":{"footnotes":""},"categories":[979,6,726],"tags":[1051,1054,427,257,772,210,265,1052,1050,1053],"class_list":["post-3367","post","type-post","status-publish","format-standard","has-post-thumbnail","hentry","category-judiciales","category-locales","category-sociedad","tag-colindantes","tag-concejo-deliberante","tag-enrique-rios","tag-entre-rios","tag-justicia","tag-municipalidad","tag-parana","tag-patito-siriri","tag-terrenos","tag-virginia-correnti"],"_links":{"self":[{"href":"https:\/\/partediario.com.ar\/index.php?rest_route=\/wp\/v2\/posts\/3367","targetHints":{"allow":["GET"]}}],"collection":[{"href":"https:\/\/partediario.com.ar\/index.php?rest_route=\/wp\/v2\/posts"}],"about":[{"href":"https:\/\/partediario.com.ar\/index.php?rest_route=\/wp\/v2\/types\/post"}],"author":[{"embeddable":true,"href":"https:\/\/partediario.com.ar\/index.php?rest_route=\/wp\/v2\/users\/2"}],"replies":[{"embeddable":true,"href":"https:\/\/partediario.com.ar\/index.php?rest_route=%2Fwp%2Fv2%2Fcomments&post=3367"}],"version-history":[{"count":1,"href":"https:\/\/partediario.com.ar\/index.php?rest_route=\/wp\/v2\/posts\/3367\/revisions"}],"predecessor-version":[{"id":3369,"href":"https:\/\/partediario.com.ar\/index.php?rest_route=\/wp\/v2\/posts\/3367\/revisions\/3369"}],"wp:featuredmedia":[{"embeddable":true,"href":"https:\/\/partediario.com.ar\/index.php?rest_route=\/wp\/v2\/media\/3368"}],"wp:attachment":[{"href":"https:\/\/partediario.com.ar\/index.php?rest_route=%2Fwp%2Fv2%2Fmedia&parent=3367"}],"wp:term":[{"taxonomy":"category","embeddable":true,"href":"https:\/\/partediario.com.ar\/index.php?rest_route=%2Fwp%2Fv2%2Fcategories&post=3367"},{"taxonomy":"post_tag","embeddable":true,"href":"https:\/\/partediario.com.ar\/index.php?rest_route=%2Fwp%2Fv2%2Ftags&post=3367"}],"curies":[{"name":"wp","href":"https:\/\/api.w.org\/{rel}","templated":true}]}}