{"id":3392,"date":"2024-06-26T13:27:49","date_gmt":"2024-06-26T16:27:49","guid":{"rendered":"https:\/\/partediario.com.ar\/?p=3392"},"modified":"2024-06-26T13:27:55","modified_gmt":"2024-06-26T16:27:55","slug":"ultimo-momento-los-detenidos-en-el-caso-loan-pena-podrian-ser-trasladados-a-chajari-en-entre-rios","status":"publish","type":"post","link":"https:\/\/partediario.com.ar\/?p=3392","title":{"rendered":"\u00daLTIMO MOMENTO: los detenidos en el caso Loan Pe\u00f1a podr\u00edan ser trasladados a Chajar\u00ed en Entre R\u00edos"},"content":{"rendered":"\n<p><strong>PARTE DIARIO accedi\u00f3 a la informaci\u00f3n que indicar\u00eda que los 6 detenidos en el marco de la causa por la desaparici\u00f3n de Loan Danilo Pe\u00f1a, ser\u00edan trasladados a la provincia de Entre R\u00edos.<\/strong><\/p>\n\n\n\n<p>Esta medida se llevar\u00eda a cabo, ya que la Fiscal\u00eda de Goya, provincia de Corrientes, no tiene el alojamiento espec\u00edfico para este tipo de detenidos.<\/p>\n\n\n\n<p>La dependencia elegida ser\u00eda el Departamento de Investigaciones Complejas del NEA, ubicado en Chajar\u00ed, al norte de la provincia de Entre R\u00edos, de este modo se mantiene la cercan\u00eda f\u00edsica de los arrestados en cada caso que la justicia correntina lo requiera.<\/p>\n\n\n\n<p>El Departamento de Investigaciones Complejas del NEA, es una base de investigaci\u00f3n ubicada en Entre R\u00edos hacia el Norte.<\/p>\n\n\n\n<p>A partir de la inauguraci\u00f3n se transfirieron recursos humanos y econ\u00f3micos para que funcione bajo la \u00f3rbita de la Direcci\u00f3n General de Seguridad de Estado.<\/p>\n\n\n\n<p>La Resoluci\u00f3n interna N\u00ba 236, de la PFA con fecha 17 de diciembre, establece en su art\u00edculo 6: \u201cCrear dependiente de la Direcci\u00f3n General de Seguridad de Estado el Departamento Investigaciones Complejas NEA, asign\u00e1ndole la misi\u00f3n de \u2018entender en el contralor administrativo y operativo de las dependencias subordinadas.<\/p>\n\n\n\n<p>Adem\u00e1s, entender\u00e1 en las investigaciones de los delitos que se comentan en el \u00e1mbito jurisdiccional que a tal efecto se le asigne\u2019\u201d.<\/p>\n\n\n\n<p>Asimismo, en su art\u00edculo 39, refiere puntualmente a la dependencia con asiento en Chajar\u00ed: \u201cRevocar, en el \u00e1mbito de la Superintendencia de Agencias Federales, la Divisi\u00f3n Unidad Operativa Federal Chajar\u00ed.<\/p>\n\n\n\n<p>Sus recursos humanos y materiales ser\u00e1n transferidos al Departamento creado por el Art\u00edculo 6\u00ba de la presente, al tiempo que respecto de su Jurisdicci\u00f3n, los Departamentos Federaci\u00f3n, Feliciano, Federal y San Salvador quedar\u00e1n comprendidos dentro de aqu\u00e9lla atribuida a la Divisi\u00f3n Unidad Operativa Federal Concordia\u201d<\/p>\n","protected":false},"excerpt":{"rendered":"<p>PARTE DIARIO accedi&oacute; a la informaci&oacute;n que indicar&iacute;a que los 6 detenidos en el marco de la causa por la desaparici&oacute;n de Loan Danilo Pe&ntilde;a, ser&iacute;an trasladados a la provincia de Entre R&iacute;os. Esta medida se llevar&iacute;a a cabo, ya que la Fiscal&iacute;a de Goya, provincia de Corrientes, no tiene el alojamiento espec&iacute;fico para este [&hellip;]<\/p>\n","protected":false},"author":2,"featured_media":3393,"comment_status":"open","ping_status":"open","sticky":false,"template":"","format":"standard","meta":{"footnotes":""},"categories":[979,5,7,8],"tags":[1075,1076,465,257,909,489,843],"class_list":["post-3392","post","type-post","status-publish","format-standard","has-post-thumbnail","hentry","category-judiciales","category-nacionales","category-policiales","category-provinciales","tag-chajari","tag-departamento-de-investigaciones-complejas-del-nea","tag-detenidos","tag-entre-rios","tag-goya","tag-loan-danilo-pena","tag-traslado"],"_links":{"self":[{"href":"https:\/\/partediario.com.ar\/index.php?rest_route=\/wp\/v2\/posts\/3392","targetHints":{"allow":["GET"]}}],"collection":[{"href":"https:\/\/partediario.com.ar\/index.php?rest_route=\/wp\/v2\/posts"}],"about":[{"href":"https:\/\/partediario.com.ar\/index.php?rest_route=\/wp\/v2\/types\/post"}],"author":[{"embeddable":true,"href":"https:\/\/partediario.com.ar\/index.php?rest_route=\/wp\/v2\/users\/2"}],"replies":[{"embeddable":true,"href":"https:\/\/partediario.com.ar\/index.php?rest_route=%2Fwp%2Fv2%2Fcomments&post=3392"}],"version-history":[{"count":1,"href":"https:\/\/partediario.com.ar\/index.php?rest_route=\/wp\/v2\/posts\/3392\/revisions"}],"predecessor-version":[{"id":3394,"href":"https:\/\/partediario.com.ar\/index.php?rest_route=\/wp\/v2\/posts\/3392\/revisions\/3394"}],"wp:featuredmedia":[{"embeddable":true,"href":"https:\/\/partediario.com.ar\/index.php?rest_route=\/wp\/v2\/media\/3393"}],"wp:attachment":[{"href":"https:\/\/partediario.com.ar\/index.php?rest_route=%2Fwp%2Fv2%2Fmedia&parent=3392"}],"wp:term":[{"taxonomy":"category","embeddable":true,"href":"https:\/\/partediario.com.ar\/index.php?rest_route=%2Fwp%2Fv2%2Fcategories&post=3392"},{"taxonomy":"post_tag","embeddable":true,"href":"https:\/\/partediario.com.ar\/index.php?rest_route=%2Fwp%2Fv2%2Ftags&post=3392"}],"curies":[{"name":"wp","href":"https:\/\/api.w.org\/{rel}","templated":true}]}}