{"id":3418,"date":"2024-06-26T18:39:28","date_gmt":"2024-06-26T21:39:28","guid":{"rendered":"https:\/\/partediario.com.ar\/?p=3418"},"modified":"2024-06-26T18:39:30","modified_gmt":"2024-06-26T21:39:30","slug":"el-paquete-fiscal-no-traera-alivio-a-las-provincias-aseguro-bordet","status":"publish","type":"post","link":"https:\/\/partediario.com.ar\/?p=3418","title":{"rendered":"\u201cEl paquete fiscal no traer\u00e1 alivio a las provincias\u201d, asegur\u00f3 Bordet"},"content":{"rendered":"\n<p><strong>El diputado nacional, Gustavo Bordet, ratific\u00f3 su posici\u00f3n en contra de la Ley Bases y el paquete fiscal que, entiende, \u201clejos de aliviar, restituye un impuesto que van a pagar m\u00e1s de un mill\u00f3n de trabajadores.<\/strong><\/p>\n\n\n\n<p>\u201cEs decir, se perjudica a los trabajadores y se beneficia a 200.000 personas con alta capacidad contributiva baj\u00e1ndoles las al\u00edcuotas\u201d, afirm\u00f3 Bordet al enfatizar en que \u201cno habr\u00e1 alivio fiscal a las provincias porque lo que recauden por la coparticipaci\u00f3n de impuesto a las ganancias lo van a perder por la reducci\u00f3n en la recaudaci\u00f3n de bienes personales. No s\u00f3lo es neutro, sino que puede ser un saldo negativo para las provincias.<\/p>\n\n\n\n<p>\u201cEl efecto ser\u00e1 neutro o negativo, porque a la par de la restituci\u00f3n del impuesto al trabajo, se subir\u00e1 el piso del impuesto a los bienes personales, que va a favorecer a un sector con gran capacidad contributiva, y se van a reducir los recursos coparticipables. Es decir, a las provincias no les va a traer alivio fiscal\u201d, argument\u00f3 Bordet.<\/p>\n\n\n\n<p>Vale recordar que el dictamen de la ley bases fue mayoritario en favor a las modificaciones realizadas en el Senado, mientras que por la del paquete fiscal se insistir\u00e1 con la aprobada en diputados que incluye la restituci\u00f3n del impuesto a las ganancias y la modificaci\u00f3n de bienes personales.<\/p>\n\n\n\n<p>\u201cEn lugar de pedir la restituci\u00f3n de impuestos que recaen sobre los trabajadores, la provincia debe reclamar las transferencias directas, que no son discrecionales, sino transferencias que leg\u00edtimamente corresponden porque est\u00e1n establecidas por ley, como la compensaci\u00f3n de la Caja de Jubilaciones, las regal\u00edas de Salto Grande o los fondos para los docentes. Esa es la verdadera lucha por los recursos y por el federalismo\u201d, se\u00f1al\u00f3 Bordet.<\/p>\n\n\n\n<p><strong>Sistema previsional<\/strong><\/p>\n\n\n\n<p>Bordet coincidi\u00f3 con el reclamo conjunto de los gobernadores de la Regi\u00f3n Centro por el incumplimiento del Gobierno nacional en el financiamiento de las cajas de jubilaciones de sus respectivas provincias.<\/p>\n\n\n\n<p>\u201cEl reclamo de fondos es leg\u00edtimo, lo llev\u00e9 adelante durante mis dos gestiones, tanto en el Mauricio Macri como en el de Alberto Fern\u00e1ndez. Siempre el gobierno central se mostr\u00f3 reticente a enviar estos fondos compensatorios a las Cajas de Jubilaciones no transferidas a la Naci\u00f3n. Pero hab\u00eda transferencias, en cambio ahora han pasado casi 7 meses y no ha llegado un peso a la provincia ni por compensaci\u00f3n del sistema previsional, ni por regal\u00edas, ni por obra p\u00fablica ni fondos educativos\u201d, subray\u00f3 el ex gobernador entrerriano.<\/p>\n\n\n\n<p>\u201cSi hay un presupuesto nacional que fue reconducido, ese presupuesto merece y debe ser ejecutado y aplicado a las provincias. Esa es la lucha que hay que dar y ojal\u00e1 los gobernadores de la Regi\u00f3n Centro tomen con fuerza este reclamo\u201d, concluy\u00f3.<\/p>\n","protected":false},"excerpt":{"rendered":"<p>El diputado nacional, Gustavo Bordet, ratific&oacute; su posici&oacute;n en contra de la Ley Bases y el paquete fiscal que, entiende, &ldquo;lejos de aliviar, restituye un impuesto que van a pagar m&aacute;s de un mill&oacute;n de trabajadores. &ldquo;Es decir, se perjudica a los trabajadores y se beneficia a 200.000 personas con alta capacidad contributiva baj&aacute;ndoles las [&hellip;]<\/p>\n","protected":false},"author":2,"featured_media":3419,"comment_status":"open","ping_status":"open","sticky":false,"template":"","format":"standard","meta":{"footnotes":""},"categories":[5,176],"tags":[517,1100,595,223,1099],"class_list":["post-3418","post","type-post","status-publish","format-standard","has-post-thumbnail","hentry","category-nacionales","category-politica","tag-alberto-fernandez","tag-fiscal","tag-gustavo-bordet","tag-ley-bases","tag-paquete"],"_links":{"self":[{"href":"https:\/\/partediario.com.ar\/index.php?rest_route=\/wp\/v2\/posts\/3418","targetHints":{"allow":["GET"]}}],"collection":[{"href":"https:\/\/partediario.com.ar\/index.php?rest_route=\/wp\/v2\/posts"}],"about":[{"href":"https:\/\/partediario.com.ar\/index.php?rest_route=\/wp\/v2\/types\/post"}],"author":[{"embeddable":true,"href":"https:\/\/partediario.com.ar\/index.php?rest_route=\/wp\/v2\/users\/2"}],"replies":[{"embeddable":true,"href":"https:\/\/partediario.com.ar\/index.php?rest_route=%2Fwp%2Fv2%2Fcomments&post=3418"}],"version-history":[{"count":1,"href":"https:\/\/partediario.com.ar\/index.php?rest_route=\/wp\/v2\/posts\/3418\/revisions"}],"predecessor-version":[{"id":3420,"href":"https:\/\/partediario.com.ar\/index.php?rest_route=\/wp\/v2\/posts\/3418\/revisions\/3420"}],"wp:featuredmedia":[{"embeddable":true,"href":"https:\/\/partediario.com.ar\/index.php?rest_route=\/wp\/v2\/media\/3419"}],"wp:attachment":[{"href":"https:\/\/partediario.com.ar\/index.php?rest_route=%2Fwp%2Fv2%2Fmedia&parent=3418"}],"wp:term":[{"taxonomy":"category","embeddable":true,"href":"https:\/\/partediario.com.ar\/index.php?rest_route=%2Fwp%2Fv2%2Fcategories&post=3418"},{"taxonomy":"post_tag","embeddable":true,"href":"https:\/\/partediario.com.ar\/index.php?rest_route=%2Fwp%2Fv2%2Ftags&post=3418"}],"curies":[{"name":"wp","href":"https:\/\/api.w.org\/{rel}","templated":true}]}}