{"id":3432,"date":"2024-06-26T19:46:14","date_gmt":"2024-06-26T22:46:14","guid":{"rendered":"https:\/\/partediario.com.ar\/?p=3432"},"modified":"2024-06-26T19:46:16","modified_gmt":"2024-06-26T22:46:16","slug":"luis-petri-apunto-contra-el-gobierno-de-alberto-fernandez-y-destaco-la-relacion-bilateral-con-estados-unidos","status":"publish","type":"post","link":"https:\/\/partediario.com.ar\/?p=3432","title":{"rendered":"Luis Petri apunt\u00f3 contra el Gobierno de Alberto Fern\u00e1ndez y destac\u00f3 la relaci\u00f3n bilateral con Estados Unidos"},"content":{"rendered":"\n<h3 class=\"wp-block-heading\">En medio de una conferencia bilateral a la que asisti\u00f3 el embajador de Estados Unidos, Marc Stanley, el ministro de Defensa precis\u00f3 los faltantes encontrados cuando asumi\u00f3 la gesti\u00f3n de Javier Milei.<\/h3>\n\n\n\n<p>En las instalaciones de la Facultad de Ingenier\u00eda del Ej\u00e9rcito, el ministro Luis Petri asisti\u00f3 junto al embajador de los Estados Unidos, Marc Stanley, a la apertura de la Conferencia Bilateral sobre oportunidades y desaf\u00edos en materia de industria para la defensa.<\/p>\n\n\n\n<p>El encuentro se realiz\u00f3 para reunir a miembros acad\u00e9micos, funcionarios del Ministerio de Defensa, autoridades militares y representantes de sectores de la industria para la defensa de ambos pa\u00edses, todo con el objetivo de promover posibles inversiones en Argentina y propiciar el di\u00e1logo sobre la innovaci\u00f3n tecnol\u00f3gica para la defensa.<\/p>\n\n\n\n<p><\/p>\n\n\n\n<blockquote class=\"twitter-tweet\" data-media-max-width=\"560\"><p lang=\"es\" dir=\"ltr\">Particip\u00e9 de la apertura de la Conferencia Bilateral &quot;Oportunidades y Desaf\u00edos en Materia de Industria de Defensa&quot; entre Argentina y Estados Unidos. Desde el inicio de la gesti\u00f3n, el Presidente <a href=\"https:\/\/twitter.com\/JMilei?ref_src=twsrc%5Etfw\">@JMilei<\/a> ha promovido la apertura al mundo, reconociendo a Estados Unidos como un\u2026 <a href=\"https:\/\/t.co\/Ts4bgneDTL\">pic.twitter.com\/Ts4bgneDTL<\/a><\/p>&mdash; Luis Petri (@luispetri) <a href=\"https:\/\/twitter.com\/luispetri\/status\/1806030668469506426?ref_src=twsrc%5Etfw\">June 26, 2024<\/a><\/blockquote> <script async src=\"https:\/\/platform.twitter.com\/widgets.js\" charset=\"utf-8\"><\/script>\n\n\n\n<p>El embajador Marc Stanley abri\u00f3 con palabras donde habl\u00f3 acerca de los beneficios de la cooperaci\u00f3n e interacci\u00f3n de los sectores industriales de la defensa de ambos pa\u00edses. Abord\u00f3 las innovaciones que surgen y dominan el mundo actual en medio de conflictos y su traslado a sectores como la comunicaci\u00f3n digital, entre otros temas de importancia.<\/p>\n\n\n\n<p>La cita se vincula con un memor\u00e1ndum firmado en marzo pasado entre Marc Stanley y Luis Petri para avanzar en cooperaci\u00f3n en ciberseguridad: \u00abRefuerza el compromiso de los Estados Unidos de continuar cooperando con Argentina para fomentar la ciberdefensa y nuestra asociaci\u00f3n en asuntos de defensa en general\u00bb, agreg\u00f3 el embajador. Adem\u00e1s celebr\u00f3 la adquisici\u00f3n del sistema F16 que \u00abpone a la Argentina en una tecnolog\u00eda de estado del arte\u00bb al nivel de los pa\u00edses m\u00e1s desarrollados indic\u00f3 Stanley.<\/p>\n\n\n\n<p>El anfitri\u00f3n, el ministro de Defensa Luis Petri, se dirigi\u00f3 al atril del speaker de la ceremonia. El sal\u00f3n de la Universidad de Ingenier\u00eda del Ej\u00e9rcito Argentino estaba repleto de uniformados, empresarios del sector de defensa nacionales como estadounidenses. All\u00ed, el ministro comenz\u00f3 diciendo: \u00abLa Rep\u00fablica Argentina y los Estados Unidos tienen una larga tradici\u00f3n de cooperaci\u00f3n en materia de defensa que sin lugar a dudas a partir del 10 de diciembre estamos renovando y revigorizando\u00bb.<\/p>\n\n\n\n<p>Adem\u00e1s traz\u00f3 seguridades en esa l\u00ednea a los oyentes extranjeros y un panorama de expectativas que sonar\u00edan a inversiones: \u00abEsta administraci\u00f3n pretende cultivar, potenciar, promocionar y focalizar los ejes en la investigaci\u00f3n cient\u00edfica, el desarrollo y el impulso de las capacidades industriales, las actividades que aqu\u00ed podemos desarrollar incidir\u00e1n en las industrias de la defensa de ambos pa\u00edses\u00bb, se\u00f1al\u00f3.<\/p>\n\n\n\n<p>\u00abTodo lo que aqu\u00ed surja ser\u00e1 transferido directamente a mejorar las capacidades de combate de nuestras fuerzas armadas. Con m\u00e1s seguridad, m\u00e1s tecnolog\u00eda y mejores condiciones para garantizar la paz, en la regi\u00f3n y en el pa\u00eds y fundamentalmente a los 48 millones de argentinos\u00bb, asever\u00f3 el funcionario nacional.<\/p>\n\n\n\n<p>Luego apunt\u00f3 con informaci\u00f3n concreta responsabilizando al gobierno de Alberto Fern\u00e1ndez por la situaci\u00f3n cr\u00edtica del complejo industrial de la defensa argentina.<\/p>\n\n\n\n<p>\u00abAl asumir esta gesti\u00f3n en diciembre de 2023 encontramos nuestras industrias de la defensa, nuestras empresas de la defensa en un estado calamitoso y deplorable, con un d\u00e9ficit en la gran mayor\u00eda de ellas, con super poblaci\u00f3n y sin producci\u00f3n\u00bb dispar\u00f3 el ministro. A esa altura el silencio era total y los empresario norteamericanos presentes se acomodaban los auriculares para no perder palabra.<\/p>\n\n\n\n<p>\u00abHab\u00edan transformado a nuestras empresas de la defensa que deben ser motores para el desarrollo estrat\u00e9gico militar de nuestro pa\u00eds en verdaderas cajas pol\u00edticas que no produc\u00edan absolutamente nada y que beneficiaban a unos pocos. Voy a dar algunos ejemplos de lo que estoy hablando\u00bb, argument\u00f3 Luis Petri.<\/p>\n\n\n\n<p>\u00abHay 215 millones de d\u00f3lares que fueron transferidos por la gesti\u00f3n anterior a las empresas de la defensa y que ya no est\u00e1n. Nos est\u00e1n faltando. Por ejemplo, de17 aviones son 4 Pampas, 3 Pucar\u00e1s y 10 IA-100 (entrenador b\u00e1sico) para los que el Ministerio de Defensa transfiri\u00f3 los fondos y hoy no se encuentran\u00bb, destac\u00f3 el ministro con tono enf\u00e1tico.<\/p>\n\n\n\n<p>\u00abNos est\u00e1n faltando 12 remolcadores, el ARA Petrel y la corbeta ARA Parker. Todos esos fondos, fondos de los argentinos, se transfirieron a las empresas de la defensa y en lugar de fabricar aviones, en lugar de fabricar municiones, en lugar de hacer el mantenimiento de buques terminaron en cajas de la pol\u00edtica. Tandanor, que nos debe 12 remolcadores, se dedicaba a hacer bicicleteros y mobiliario para las plazas\u00bb, agreg\u00f3.<\/p>\n\n\n\n<p>\u00abEso no es estrat\u00e9gico para defender los intereses vitales de la patria. \u00bfQu\u00e9 pas\u00f3 con el proyecto Sara que le iba a permitir a la Argentina tener drones? \u00bfD\u00f3nde est\u00e1n los drones? Habr\u00eda que preguntarle a Rossi y a Taiana que destinaron 2.000 millones de pesos en 2015 para la fabricaci\u00f3n de drones clase-2 y 3\u00bb, apunt\u00f3 Petri.<\/p>\n\n\n\n<p>El ministro, prosigui\u00f3 con m\u00e1s denuncias de faltantes: \u00abNo est\u00e1n esos drones y tampoco est\u00e1n los 2.000 millones de pesos o los 200 millones de d\u00f3lares que se iban a destinar para la construcci\u00f3n del buque polar. No est\u00e1n. Se los llevaron las cajas de la pol\u00edtica\u00bb, critic\u00f3.<\/p>\n\n\n\n<p>En otro tramo de su discurso, tom\u00f3 otro proyecto inconcluso y dijo: \u00abVeamos la remodelaci\u00f3n de los tanques medianos argentinos en el a\u00f1o 2010 para 74 tanques. El 10 de diciembre de 2023 asumimos esta gesti\u00f3n y despu\u00e9s de 14 a\u00f1os, \u00bfcu\u00e1ntos tanques se modernizaron? Dos. En menos de 6 meses esta gesti\u00f3n, y aqu\u00ed hago el anuncio el 9 de julio 5 nuevos TAM van a desfilar por las calles de la Argentina. Son 5 de esta gesti\u00f3n contra 2 despu\u00e9s de 14 a\u00f1os. Esto es cambiar el paradigma\u00bb, se\u00f1al\u00f3.<\/p>\n\n\n\n<p>\u00abMe quiero referir a un hito que no puede pasar desapercibido y que se cumpli\u00f3 el 16 de abril, una compra hist\u00f3rica la compra m\u00e1s importante de los \u00faltimos 40 a\u00f1os. Es la compra de los aviones F16 se hicieron numerosos estudios se hicieron infinitas cartas de intenci\u00f3n, pero la compra de los F16 no estaba y nos critican el precio porque dicen que 301 millones de d\u00f3lares es mucho dinero que se paga. Ahora, \u00bfqui\u00e9n rinde cuenta por los millones de d\u00f3lares que no est\u00e1n ni en aviones ni en barcos? Deber\u00edan rendir cuentas\u00bb, se\u00f1al\u00f3 el ministro.<\/p>\n\n\n\n<p>Y continu\u00f3 indicando: \u00abEn lugar de prestar servicios a los intereses de la defensa terminaron al servicio de los Grabois, de las organizaciones sociales y algunos intereses espurios. Nada tiene que hacer Tandanor firmando con el FISU un convenio por 3,2 mill\u00f3n de d\u00f3lares para hacer bicicleteros o estatuas de N\u00e9stor Kirchner o eventualmente mobiliario para plazas. Tandanor est\u00e1 para fabricar buques, para mantenerlos, no para ponerlo a disposici\u00f3n de los intendentes del conurbano\u00bb.<\/p>\n\n\n\n<p>Agradeci\u00f3 la participaci\u00f3n activa del embajador Marc Stanley en la negociaci\u00f3n por los F16 y retom\u00f3 en ese punto el se\u00f1alamiento de inconsistencias del Gobierno anterior en la adquisici\u00f3n de cuatro aviones P3 Orion para la Armada Argentina de origen noruego.<\/p>\n\n\n\n<p>\u00abLo que no dec\u00edan es que ese contrato obligaba a la Argentina a depositar los fondos a los 30 d\u00edas de celebrado. Deb\u00eda hacerse antes de diciembre de 2023. Esos fondos nunca se transfirieron. Eso supon\u00eda que el contrato estaba ca\u00eddo, eso supon\u00eda que cuatro P3 Orion destinados al control y vigilancia de nuestro espacio mar\u00edtimo no iban a poder cumplir con su misi\u00f3n porque no iban van a llegar a la Argentina, porque nuevamente la Argentina incumpl\u00eda la palabra empe\u00f1ada, incumpl\u00eda sus contratos\u00bb, dispar\u00f3.<\/p>\n\n\n\n<p>Y subray\u00f3: \u00abLo primero que hicimos fue restablecer la negociaci\u00f3n, recomponer el programa de pagos y garantizar que esos aviones llegaran con algo que no estaba garantizado por el gobierno anterior, los radares. Sin ellos los aviones no eran m\u00e1s que aviones de pasajeros\u00bb.<\/p>\n\n\n\n<p>\u00abHablamos con el embajador Stanley quien tuvo una parte importante en la negociaci\u00f3n y destrab\u00f3 la situaci\u00f3n, los aviones llegar\u00e1n con los radares e hicimos el pago inicial y en los pr\u00f3ximos meses va llegar el primer avi\u00f3n al pa\u00eds\u00bb, a\u00f1adi\u00f3.<\/p>\n\n\n\n<p>Finalizando reiter\u00f3 la alineaci\u00f3n de nuestro pa\u00eds con occidente: \u00abVivimos en un mundo en guerra y en donde nosotros hemos sido claros en condenar la invasi\u00f3n de Rusia a Ucrania porque afecta su integridad territorial. Condenamos los ataques terroristas de Hamas al estado de Israel y no se puede ser neutral con el terrorismo porque la neutralidad supone complicidad\u00bb.<\/p>\n\n\n\n<p>Y acot\u00f3 hechos en l\u00ednea realizados con la vuelta del pa\u00eds a la agenda de Occidente y el alineamiento militar, cit\u00f3 la participaci\u00f3n del pa\u00eds en el congreso de la paz de Ucrania, la inclusi\u00f3n de Argentina en el Grupo de Contacto y Apoyo a Ucrania denominado grupo Rammstein y la presentaci\u00f3n ante la OTAN para sumarse como socio global (Partners Across The Globe).<\/p>\n","protected":false},"excerpt":{"rendered":"<p>En medio de una conferencia bilateral a la que asisti&oacute; el embajador de Estados Unidos, Marc Stanley, el ministro de Defensa precis&oacute; los faltantes encontrados cuando asumi&oacute; la gesti&oacute;n de Javier Milei. En las instalaciones de la Facultad de Ingenier&iacute;a del Ej&eacute;rcito, el ministro Luis Petri asisti&oacute; junto al embajador de los Estados Unidos, Marc [&hellip;]<\/p>\n","protected":false},"author":2,"featured_media":3433,"comment_status":"open","ping_status":"open","sticky":false,"template":"","format":"standard","meta":{"footnotes":""},"categories":[5,176],"tags":[517,467,566,1115,922],"class_list":["post-3432","post","type-post","status-publish","format-standard","has-post-thumbnail","hentry","category-nacionales","category-politica","tag-alberto-fernandez","tag-estados-unidos","tag-luis-petri","tag-marc-stanley","tag-rusia"],"_links":{"self":[{"href":"https:\/\/partediario.com.ar\/index.php?rest_route=\/wp\/v2\/posts\/3432","targetHints":{"allow":["GET"]}}],"collection":[{"href":"https:\/\/partediario.com.ar\/index.php?rest_route=\/wp\/v2\/posts"}],"about":[{"href":"https:\/\/partediario.com.ar\/index.php?rest_route=\/wp\/v2\/types\/post"}],"author":[{"embeddable":true,"href":"https:\/\/partediario.com.ar\/index.php?rest_route=\/wp\/v2\/users\/2"}],"replies":[{"embeddable":true,"href":"https:\/\/partediario.com.ar\/index.php?rest_route=%2Fwp%2Fv2%2Fcomments&post=3432"}],"version-history":[{"count":1,"href":"https:\/\/partediario.com.ar\/index.php?rest_route=\/wp\/v2\/posts\/3432\/revisions"}],"predecessor-version":[{"id":3434,"href":"https:\/\/partediario.com.ar\/index.php?rest_route=\/wp\/v2\/posts\/3432\/revisions\/3434"}],"wp:featuredmedia":[{"embeddable":true,"href":"https:\/\/partediario.com.ar\/index.php?rest_route=\/wp\/v2\/media\/3433"}],"wp:attachment":[{"href":"https:\/\/partediario.com.ar\/index.php?rest_route=%2Fwp%2Fv2%2Fmedia&parent=3432"}],"wp:term":[{"taxonomy":"category","embeddable":true,"href":"https:\/\/partediario.com.ar\/index.php?rest_route=%2Fwp%2Fv2%2Fcategories&post=3432"},{"taxonomy":"post_tag","embeddable":true,"href":"https:\/\/partediario.com.ar\/index.php?rest_route=%2Fwp%2Fv2%2Ftags&post=3432"}],"curies":[{"name":"wp","href":"https:\/\/api.w.org\/{rel}","templated":true}]}}