{"id":3465,"date":"2024-06-27T09:52:29","date_gmt":"2024-06-27T12:52:29","guid":{"rendered":"https:\/\/partediario.com.ar\/?p=3465"},"modified":"2024-06-27T09:52:30","modified_gmt":"2024-06-27T12:52:30","slug":"causo-ariel-goyeneche-roncaglia-pasa-a-disponibilidad-a-los-policias-involucrados","status":"publish","type":"post","link":"https:\/\/partediario.com.ar\/?p=3465","title":{"rendered":"Causo Ariel Goyeneche: Roncaglia pasa a disponibilidad a los polic\u00edas involucrados"},"content":{"rendered":"\n<p><strong>Luego de darse a conocer el informe final de la autopsia de Ariel Goyeneche, el Ministerio de Seguridad y Justicia confirm\u00f3 el pase a disponibilidad de los agentes que actuaron en la detenci\u00f3n de Goyeneche.<\/strong><\/p>\n\n\n\n<p>La medida administrativa se toma en el marco de un sumario interno que confecciona Asuntos Internos de la Polic\u00eda de Entre R\u00edos para evaluar la actuaci\u00f3n de los funcionarios y facilitar la actuaci\u00f3n de la justicia, atento a lo dictaminado en la autopsia.<\/p>\n\n\n\n<p>El ministro de Seguridad y Justicia, N\u00e9stor Roncaglia, subray\u00f3 la importancia del accionar de la Justicia y celebra que se haya elaborado un protocolo de actuaci\u00f3n ante casos de crisis de Salud Mental en la v\u00eda p\u00fablica, el cual, antes de \u00e9ste hecho, no exist\u00eda.<\/p>\n\n\n\n<p>\u00abSiempre sostuvimos que en \u00e9ste caso delicado se deb\u00eda llevar a cabo una investigaci\u00f3n transparente, imparcial y rigurosa, que as\u00ed entendemos, est\u00e1 llevando a cabo el Fiscal interventor y en la cual, los funcionarios policiales siempre estuvieron a derecho, ahora, puestos en disponibilidad, en el contexto de la conclusi\u00f3n de la autopsia de la persona fallecida\u00bb, agreg\u00f3 Roncaglia.<\/p>\n\n\n\n<p>Asimismo se\u00f1al\u00f3: \u00abEn Entre R\u00edos no exist\u00eda un protocolo de actuaci\u00f3n ante casos de Salud Mental y Consumos Problem\u00e1ticos. Este gobierno se dio el espacio a la discusi\u00f3n con diferentes organismos para poder consolidar un protocolo que nos permita capacitar, formar e intervenir de manera eficiente ante estos hechos\u00bb.<\/p>\n","protected":false},"excerpt":{"rendered":"<p>Luego de darse a conocer el informe final de la autopsia de Ariel Goyeneche, el Ministerio de Seguridad y Justicia confirm&oacute; el pase a disponibilidad de los agentes que actuaron en la detenci&oacute;n de Goyeneche. La medida administrativa se toma en el marco de un sumario interno que confecciona Asuntos Internos de la Polic&iacute;a de [&hellip;]<\/p>\n","protected":false},"author":2,"featured_media":3466,"comment_status":"open","ping_status":"open","sticky":false,"template":"","format":"standard","meta":{"footnotes":""},"categories":[979,6,7],"tags":[777,257,1134,265],"class_list":["post-3465","post","type-post","status-publish","format-standard","has-post-thumbnail","hentry","category-judiciales","category-locales","category-policiales","tag-ariel-goyeneche","tag-entre-rios","tag-nestor-roncaglia-3","tag-parana"],"_links":{"self":[{"href":"https:\/\/partediario.com.ar\/index.php?rest_route=\/wp\/v2\/posts\/3465","targetHints":{"allow":["GET"]}}],"collection":[{"href":"https:\/\/partediario.com.ar\/index.php?rest_route=\/wp\/v2\/posts"}],"about":[{"href":"https:\/\/partediario.com.ar\/index.php?rest_route=\/wp\/v2\/types\/post"}],"author":[{"embeddable":true,"href":"https:\/\/partediario.com.ar\/index.php?rest_route=\/wp\/v2\/users\/2"}],"replies":[{"embeddable":true,"href":"https:\/\/partediario.com.ar\/index.php?rest_route=%2Fwp%2Fv2%2Fcomments&post=3465"}],"version-history":[{"count":1,"href":"https:\/\/partediario.com.ar\/index.php?rest_route=\/wp\/v2\/posts\/3465\/revisions"}],"predecessor-version":[{"id":3467,"href":"https:\/\/partediario.com.ar\/index.php?rest_route=\/wp\/v2\/posts\/3465\/revisions\/3467"}],"wp:featuredmedia":[{"embeddable":true,"href":"https:\/\/partediario.com.ar\/index.php?rest_route=\/wp\/v2\/media\/3466"}],"wp:attachment":[{"href":"https:\/\/partediario.com.ar\/index.php?rest_route=%2Fwp%2Fv2%2Fmedia&parent=3465"}],"wp:term":[{"taxonomy":"category","embeddable":true,"href":"https:\/\/partediario.com.ar\/index.php?rest_route=%2Fwp%2Fv2%2Fcategories&post=3465"},{"taxonomy":"post_tag","embeddable":true,"href":"https:\/\/partediario.com.ar\/index.php?rest_route=%2Fwp%2Fv2%2Ftags&post=3465"}],"curies":[{"name":"wp","href":"https:\/\/api.w.org\/{rel}","templated":true}]}}