{"id":3487,"date":"2024-06-27T16:05:37","date_gmt":"2024-06-27T19:05:37","guid":{"rendered":"https:\/\/partediario.com.ar\/?p=3487"},"modified":"2024-06-27T16:05:43","modified_gmt":"2024-06-27T19:05:43","slug":"la-camara-de-senadores-de-entre-rios-aprobo-el-proyecto-que-busca-prevenir-riesgos-de-apuestas-en-linea","status":"publish","type":"post","link":"https:\/\/partediario.com.ar\/?p=3487","title":{"rendered":"La C\u00e1mara de Senadores de Entre R\u00edos aprob\u00f3 el proyecto que busca prevenir riesgos de apuestas en l\u00ednea"},"content":{"rendered":"\n<h3 class=\"wp-block-heading\"><strong>La Honorable C\u00e1mara de Senadores de Entre R\u00edos realiz\u00f3 este jueves la novena Sesi\u00f3n Ordinaria correspondiente al 145\u00ba Per\u00edodo Legislativo. Fue presidida por el vicepresidente primero Rafael Cavagna (Nogoy\u00e1- Juntos por Entre R\u00edos), en reemplazo de la vicegobernadora y presidente del Senado, Alicia Aluani, quien se encuentra a cargo del Ejecutivo provincial.<\/strong><\/h3>\n\n\n\n<p><strong>Sobre tablas<\/strong><\/p>\n\n\n\n<p>Durante la sesi\u00f3n, los legisladores dieron media sanci\u00f3n al proyecto de ley presentado por el senador Juan Cosso (Villaguay- M\u00e1s para Entre R\u00edos) que tiene por objeto implementar en Entre R\u00edos una campa\u00f1a preventiva dirigida a ni\u00f1os, ni\u00f1as y adolescentes, sobre los riesgos de las apuestas en l\u00ednea. La iniciativa tambi\u00e9n contempla la difusi\u00f3n de material, capacitaciones a docentes en la tem\u00e1tica, realizaci\u00f3n de jornadas y talleres, articulaci\u00f3n con organizaciones de la sociedad civil como as\u00ed tambi\u00e9n la detecci\u00f3n y derivaci\u00f3n al sistema de asistencia socio-sanitaria ante presuntos casos de ludopat\u00eda, entro otras acciones.<\/p>\n\n\n\n<p>Al solicitar la palabra, el senador Cosso expres\u00f3: \u201cEs una problem\u00e1tica que golpea a lo largo y a lo ancho no solo de nuestra provincia, sino tambi\u00e9n del pa\u00eds. La ludopat\u00eda digital ha sido considerada en el \u00faltimo tiempo como la principal adicci\u00f3n del siglo XXI. Actualmente no hay una normativa que est\u00e9 abocada a la prevenci\u00f3n de esta tem\u00e1tica y si le damos media sanci\u00f3n a este proyecto de ley, Entre R\u00edos va a estar a la vanguardia en abordar este tema\u201d.<\/p>\n\n\n\n<p>Al fundamentar la iniciativa, el legislador aclar\u00f3: \u201cLo que buscamos no es una prohibici\u00f3n, sino atacar este tema desde la prevenci\u00f3n a trav\u00e9s de una campa\u00f1a muy fuerte con un abordaje transversal, que est\u00e9 involucrado el Consejo General de Educaci\u00f3n (CGE), el Ministerio de Salud, el Consejo Provincial del Ni\u00f1o, el Adolescente y la Familia (COPNAF), el Instituto Becario, y el Instituto de Ayuda Financiera a la Acci\u00f3n Social de Entre R\u00edos (IAFAS) como autoridad de aplicaci\u00f3n\u201d. Tambi\u00e9n se incorpor\u00f3 a la Secretar\u00eda de Comunicaci\u00f3n y a Prensa del Gobierno Provincial, explic\u00f3 tras agradecer el trabajo en comisi\u00f3n \u201cporque hicieron aportes important\u00edsimos al proyecto y lo apoyaron desde el primer momento\u201d.<\/p>\n\n\n\n<p>Por su parte, el senador Ramiro Favre (Col\u00f3n- Juntos por Entre R\u00edos) manifest\u00f3: \u201cLo que nos interesa y siempre ponemos por delante es la prevenci\u00f3n, la concientizaci\u00f3n a trav\u00e9s de estos programas. El IAFAS junto con el Consejo General de Educaci\u00f3n ya ven\u00edan trabajando pero creemos se necesitan de otros actores y para ello se necesita llegar a todos los rincones para hacer un trabajo serio\u201d, remarc\u00f3 el legislador.<\/p>\n\n\n\n<p><strong>Aluani expres\u00f3 su apoyo<\/strong><\/p>\n\n\n\n<p>Cabe mencionar que la vicegobernadora y presidente del Senado, Alicia Aluani, ha expresado su preocupaci\u00f3n por el incremento de las apuestas online en ni\u00f1os y adolescentes. Es por ello que manifest\u00f3 su apoyo a los senadores que impulsaron la iniciativa, necesaria para concientizar y prevenir sobre las apuestas en l\u00ednea de distintas plataformas que hoy est\u00e1n en auge y son de f\u00e1cil acceso para los j\u00f3venes.<\/p>\n\n\n\n<p><strong>Es Ley<\/strong><\/p>\n\n\n\n<p>Por unanimidad el Senado entrerriano convirti\u00f3 en ley el proyecto que propone cambios a la ley provincial 10.412, referida al Colegio de Profesionales de Trabajo Social de la Provincia de Entre R\u00edos. Sobre la iniciativa, pidi\u00f3 la palabra el senador por el departamento Gualeguaych\u00fa, Jaime Benedetti (Juntos por Entre R\u00edos) para informar sobre el trabajo realizado en Comisi\u00f3n. El legislador record\u00f3 que el proyecto contaba con media sanci\u00f3n de Diputados por unanimidad.<\/p>\n\n\n\n<p>Dentro de las incorporaciones se cuenta el mecanismo de acceso a la matr\u00edcula de la profesi\u00f3n, el reconocimiento de especialidades profesionales, para que sea el propio Colegio la entidad que pueda otorgar certificaci\u00f3n. Adem\u00e1s, se modifica el nombre y pasar\u00e1 a ser \u201cColegio de Profesionales de Trabajo Social de Entre R\u00edos\u201d. Otro de los puntos que se incorpora es el de habilitar la realizaci\u00f3n de asambleas virtuales, tomando en la pr\u00e1ctica un mecanismo de trabajo que surgi\u00f3 durante la pandemia.<\/p>\n\n\n\n<p><strong>Otros proyectos<\/strong><\/p>\n\n\n\n<p>Asimismo, los legisladores aprobaron el proyecto de ley del senador Rub\u00e9n Dal Mol\u00edn (Federaci\u00f3n- Juntos por Entre R\u00edos), que introduce modificaciones a la ley 11.139, referida a la sesi\u00f3n de algunos inmuebles a la localidad de Santa Ana, en el departamento Federaci\u00f3n.<br>Al hacer uso de la palabra el legislador explic\u00f3 la iniciativa al cuerpo y destac\u00f3 la importancia del ordenamiento de la planta urbana de la localidad. \u201cNo es m\u00e1s que la regulaci\u00f3n dominial\u201d, remarc\u00f3. Mencion\u00f3, adem\u00e1s, los antecedentes hist\u00f3ricos que se remontan al a\u00f1o 1991, cuando se realiz\u00f3 la transferencia de inmuebles desde el Estado Nacional a la provincia, ante el nuevo emplazamiento de Santa Ana, que recibi\u00f3 el impacto de la construcci\u00f3n y operaci\u00f3n de la represa de Salto Grande.<\/p>\n\n\n\n<p>Los senadores trataron sobre tablas, un proyecto de declaraci\u00f3n de autor\u00eda de la senadora Gladys Dom\u00ednguez (Feliciano- M\u00e1s para Entre R\u00edos), por el que declara de inter\u00e9s el proyecto \u201cVivencias del Litoral\u201d del Licenciado en Folclore Menci\u00f3n Danzas Folcl\u00f3ricas y Tango, Federico Curzio, en el marco del D\u00eda Internacional de la Danza, que se celebra cada 29 de abril.<\/p>\n\n\n\n<p>Asimismo, durante la sesi\u00f3n, los legisladores dieron tratamiento a 8 proyectos de declaraci\u00f3n y 4 de comunicaci\u00f3n.<\/p>\n\n\n\n<p><strong>Proyectos de Diputados<\/strong><\/p>\n\n\n\n<p>Durante la sesi\u00f3n, adem\u00e1s, se dio tratamiento el proyecto de Ley de autor\u00eda de la diputada Mariel \u00c1vila y los diputados Jos\u00e9 Mar\u00eda Kramer, Laura Stratta y Yari Demian Seyler, por el que se adopta en todo el territorio de la provincia de Entre R\u00edos la implementaci\u00f3n del logotipo \u201cS\u00edmbolo Internacional de Accesibilidad Universal\u201d creado por la Organizaci\u00f3n de las Naciones Unidas 2015-ONU.<br>Tambi\u00e9n se trat\u00f3 el proyecto de Ley de autor\u00eda del Poder Ejecutivo, por el que se autoriza al Superior Gobierno de la Provincia a transferir a t\u00edtulo de donaci\u00f3n a favor de la Municipalidad de Gualeguay, un inmueble de su propiedad, ubicado en la provincia de Entre R\u00edos, departamento Gualeguay, Municipio de Gualeguay, Plano de Mensura N\u00b0 17.287, Partida Provincial N\u00b0 108.625.<br>Y se dio tratamiento al proyecto de Ley de autor\u00eda del Poder Ejecutivo, sobre el R\u00e9gimen Provincial de Promoci\u00f3n de la Econom\u00eda del Conocimiento. Las tres iniciativas ser\u00e1n tratadas en la Comisi\u00f3n de Legislaci\u00f3n General.<\/p>\n\n\n\n<p><strong>Proyectos de Senadores<\/strong><\/p>\n\n\n\n<p>En el debate legislativo de este jueves, tambi\u00e9n se dio tratamiento a tres proyectos de senadores que ser\u00e1n girados a las comisiones correspondientes, los que se detallan a continuaci\u00f3n:<\/p>\n\n\n\n<p>El proyecto de Ley de autor\u00eda de la senadora Claudia Silva y los senadores Marcelo Berthet, Juan Diego Conti, Juan Pablo Cosso, Patricia D\u00edaz, Gladys Dom\u00ednguez, Nancy Miranda, Martin Oliva y V\u00edctor Sanzberro, por el que se crea el FEIEX (Fondo Espec\u00edfico Ingresos Extraordinarios) destinado a la realizaci\u00f3n de obras de: saneamiento, generaci\u00f3n de energ\u00edas renovables, cuidado del ambiente, infraestructura productiva e industrial y fomento de la econom\u00eda del conocimiento en las localidades de Entre R\u00edos.<\/p>\n\n\n\n<p>El proyecto de Ley de autor\u00eda del senador Berthet, por el que se crea el \u201cPrograma de Traslado y Estad\u00eda de Pacientes y Acompa\u00f1antes\u201d para todos los pacientes m\u00e9dicos ambulatorios de cualquier patolog\u00eda y en su caso su acompa\u00f1ante; y tambi\u00e9n de los acompa\u00f1antes de aquellos pacientes internados que deban ser trasladados a un centro de mayor complejidad, domiciliados en la provincia de Entre R\u00edos. Expediente N\u00ba 15.014.<\/p>\n\n\n\n<p>El proyecto de Ley de autor\u00eda de la senadora D\u00edaz y los Senadores Berthet, Conti, Cosso, Dom\u00ednguez, Miranda, Oliva, Sanzberro y Silva, por el que se crea un r\u00e9gimen especial de \u201cboleto docente\u201d para los usuarios del sistema de transporte provincial de colectivos de pasajeros en sus servicios urbanos, suburbanos e interurbanos y de larga distancia, destinados a docentes pertenecientes a instituciones educativas p\u00fablicas de gesti\u00f3n estatal y de gesti\u00f3n privada con aportes del Estado en todos los niveles, incluidos los de formaci\u00f3n profesional, bachilleratos y de escuelas especiales que tengan asiento en la Provincia de Entre R\u00edos.<\/p>\n\n\n\n<p><strong>Homenajes<\/strong><\/p>\n\n\n\n<p>Al turno de los homenajes, el senador Jaime Benedetti (Gualeguaych\u00fa- Juntos por Entre R\u00edos) expres\u00f3 su pesar y condolencias por el reciente fallecimiento del exconcejal Carlos Gonz\u00e1lez, quien fuera tambi\u00e9n autoridad de la Uni\u00f3n C\u00edvica Radical ocupando cargos en el Comit\u00e9 Capital del partido y del partido a nivel provincial. Adem\u00e1s, el legislador record\u00f3 los 133 a\u00f1os de la fundaci\u00f3n del centenario partido, que este 26 de junio celebr\u00f3 un nuevo aniversario.<br>Por su parte, el senador Rub\u00e9n M\u00e9ndez (Islas del Ibicuy- Juntos por Entre R\u00edos) rindi\u00f3 homenaje al expresidente Arturo Umberto Illia, quien el 28 de junio de 1966, fue derrocado por un golpe de Estado c\u00edvico-militar.<\/p>\n\n\n\n<p>Luego, el senador por el departamento Uruguay, Martin Oliva (M\u00e1s para Entre R\u00edos), evoc\u00f3 el bicent\u00e9simo cuadrag\u00e9simo primer aniversario de Concepci\u00f3n del Uruguay, celebrado el pasado 25 de junio. En tanto, la senadora Claudia Silva (Paran\u00e1- M\u00e1s para Entre R\u00edos) record\u00f3 el aniversario de Paran\u00e1, al cumplirse el pasado martes, sus 211 a\u00f1os de historia.<\/p>\n\n\n\n<p>Finalmente, la senadora Nancy Miranda (Federal-M\u00e1s para Entre R\u00edos) solicit\u00f3 la palabra para hacer un homenaje a t\u00edtulo personal y record\u00f3 la muerte de su hijo. \u201cHoy se cumplen 20 a\u00f1os de que mi hijo sali\u00f3 a bailar y apareci\u00f3 tirado en un camino vecinal en una situaci\u00f3n que hasta hoy no qued\u00f3 clara\u201d, expres\u00f3 la legisladora.<\/p>\n\n\n\n<p><\/p>\n\n\n\n<figure class=\"wp-block-embed is-type-video is-provider-youtube wp-block-embed-youtube wp-embed-aspect-4-3 wp-has-aspect-ratio\"><div class=\"wp-block-embed__wrapper\">\n<iframe loading=\"lazy\" title=\"9na Sesi\u00f3n Ordinaria del 145\u00ba Per\u00edodo Legislativo\" width=\"640\" height=\"480\" src=\"https:\/\/www.youtube.com\/embed\/OhmHAhVyxRY?feature=oembed\" frameborder=\"0\" allow=\"accelerometer; autoplay; clipboard-write; encrypted-media; gyroscope; picture-in-picture; web-share\" referrerpolicy=\"strict-origin-when-cross-origin\" allowfullscreen><\/iframe>\n<\/div><\/figure>\n","protected":false},"excerpt":{"rendered":"<p>La Honorable C&aacute;mara de Senadores de Entre R&iacute;os realiz&oacute; este jueves la novena Sesi&oacute;n Ordinaria correspondiente al 145&ordm; Per&iacute;odo Legislativo. Fue presidida por el vicepresidente primero Rafael Cavagna (Nogoy&aacute;- Juntos por Entre R&iacute;os), en reemplazo de la vicegobernadora y presidente del Senado, Alicia Aluani, quien se encuentra a cargo del Ejecutivo provincial. Sobre tablas Durante [&hellip;]<\/p>\n","protected":false},"author":2,"featured_media":3488,"comment_status":"open","ping_status":"open","sticky":false,"template":"","format":"standard","meta":{"footnotes":""},"categories":[176,8],"tags":[944,1163,257,804,230],"class_list":["post-3487","post","type-post","status-publish","format-standard","has-post-thumbnail","hentry","category-politica","category-provinciales","tag-alicia-aluani","tag-apuestas","tag-entre-rios","tag-proyecto","tag-senado"],"_links":{"self":[{"href":"https:\/\/partediario.com.ar\/index.php?rest_route=\/wp\/v2\/posts\/3487","targetHints":{"allow":["GET"]}}],"collection":[{"href":"https:\/\/partediario.com.ar\/index.php?rest_route=\/wp\/v2\/posts"}],"about":[{"href":"https:\/\/partediario.com.ar\/index.php?rest_route=\/wp\/v2\/types\/post"}],"author":[{"embeddable":true,"href":"https:\/\/partediario.com.ar\/index.php?rest_route=\/wp\/v2\/users\/2"}],"replies":[{"embeddable":true,"href":"https:\/\/partediario.com.ar\/index.php?rest_route=%2Fwp%2Fv2%2Fcomments&post=3487"}],"version-history":[{"count":1,"href":"https:\/\/partediario.com.ar\/index.php?rest_route=\/wp\/v2\/posts\/3487\/revisions"}],"predecessor-version":[{"id":3489,"href":"https:\/\/partediario.com.ar\/index.php?rest_route=\/wp\/v2\/posts\/3487\/revisions\/3489"}],"wp:featuredmedia":[{"embeddable":true,"href":"https:\/\/partediario.com.ar\/index.php?rest_route=\/wp\/v2\/media\/3488"}],"wp:attachment":[{"href":"https:\/\/partediario.com.ar\/index.php?rest_route=%2Fwp%2Fv2%2Fmedia&parent=3487"}],"wp:term":[{"taxonomy":"category","embeddable":true,"href":"https:\/\/partediario.com.ar\/index.php?rest_route=%2Fwp%2Fv2%2Fcategories&post=3487"},{"taxonomy":"post_tag","embeddable":true,"href":"https:\/\/partediario.com.ar\/index.php?rest_route=%2Fwp%2Fv2%2Ftags&post=3487"}],"curies":[{"name":"wp","href":"https:\/\/api.w.org\/{rel}","templated":true}]}}