{"id":3490,"date":"2024-06-27T16:26:50","date_gmt":"2024-06-27T19:26:50","guid":{"rendered":"https:\/\/partediario.com.ar\/?p=3490"},"modified":"2024-06-27T16:26:53","modified_gmt":"2024-06-27T19:26:53","slug":"advierten-que-las-bajas-temperatura-este-fin-de-semana-podria-ser-record","status":"publish","type":"post","link":"https:\/\/partediario.com.ar\/?p=3490","title":{"rendered":"Advierten que las bajas temperatura este fin de semana podr\u00eda ser r\u00e9cord"},"content":{"rendered":"\n<h3 class=\"wp-block-heading\">Se aguarda una importante irrupci\u00f3n de aire fr\u00edo el fin de semana, con los valores de temperaturas m\u00e1s bajas en lo que va de este 2024.<\/h3>\n\n\n\n<p>Finalmente lleg\u00f3 el invierno y se est\u00e1 haciendo notar en todo el territorio nacional. Si bien cedi\u00f3 el per\u00edodo extremadamente fr\u00edo sobre la Patagonia, a\u00fan se registran temperaturas negativas en gran parte de la regi\u00f3n, mientras que el tiempo fr\u00edo lentamente comienza a mermar en el centro y norte.<\/p>\n\n\n\n<p>Si embargo es inminente el arribo de un nuevo temporal de viento y nieve en la Patagonia, donde las r\u00e1fagas de viento pueden superar los 100 km\/h, con valores extremos que estar\u00e1n por encima de 120 km\/h en forma localizada. Todo suceder\u00e1 a partir de la noche de este martes en la costa central patag\u00f3nica, a partir del mi\u00e9rcoles se extender\u00e1 al resto del centro y norte de la regi\u00f3n. Se pronostican nevadas de variada intensidad, con algunos acumulados de importancia en la meseta del centro y sur patag\u00f3nico.<\/p>\n\n\n\n<p>Sobre el centro del pa\u00eds, una perturbaci\u00f3n en niveles medios de la atm\u00f3sfera ser\u00e1 la responsable de cielos nublados y algunas precipitaciones sobre el norte bonaerense y el litoral el d\u00eda de hoy y parte del mi\u00e9rcoles. Luego el viento rotar\u00e1 al norte y tendremos un ambiente menos fr\u00edo en el centro y norte del pa\u00eds hasta el viernes inclusive.<\/p>\n\n\n\n<p><\/p>\n\n\n\n<figure class=\"wp-block-image size-full\"><img loading=\"lazy\" decoding=\"async\" width=\"768\" height=\"486\" src=\"https:\/\/partediario.com.ar\/wp-content\/uploads\/f768x1-1614546_1614673_9.webp\" alt=\"\" class=\"wp-image-3491\" srcset=\"https:\/\/partediario.com.ar\/wp-content\/uploads\/f768x1-1614546_1614673_9.webp 768w, https:\/\/partediario.com.ar\/wp-content\/uploads\/f768x1-1614546_1614673_9-300x190.webp 300w\" sizes=\"auto, (max-width: 768px) 100vw, 768px\" \/><figcaption class=\"wp-element-caption\"><strong>Temperaturas previstas para el domingo a las 6 AM por nuestro modelo de referencia, el ECMWF de Meteored. Destacamos el celeste sobre la provincia de Buenos Aires, Uruguay y el sur de Brasil, que marca las zonas donde las temperaturas estar\u00e1n bajo cero. En todo el pa\u00eds el fr\u00edo se har\u00e1 sentir.<\/strong><\/figcaption><\/figure>\n\n\n\n<p>Hacia el pr\u00f3ximo fin de semana, el avance de una masa de aire fr\u00edo de origen polar, invadir\u00e1 el centro y norte del pa\u00eds, produciendo primero una marcada rotaci\u00f3n del viento al sector sur con r\u00e1fagas seguidas por un pronunciado descenso de temperaturas. Esta situaci\u00f3n es propicia para el desarrollo de chaparrones costeros sobre el litoral mar\u00edtimo bonaerense, no descart\u00e1ndose la ocasional ca\u00edda de graupel de manera puntual.<\/p>\n\n\n\n<p><strong>El s\u00e1bado tendremos un primer pulso de aire muy fr\u00edo en el centro y norte del pa\u00eds<\/strong><\/p>\n\n\n\n<p>Con riesgo de heladas agron\u00f3micas en algunos sectores. Debido la combinaci\u00f3n del viento con las bajas temperaturas, la sensaci\u00f3n t\u00e9rmica el s\u00e1bado ser\u00e1 muy baja, mientras que el domingo -con menos viento- favorece la presencia de heladas m\u00e1s generalizadas en zonas bajas.<\/p>\n","protected":false},"excerpt":{"rendered":"<p>Se aguarda una importante irrupci&oacute;n de aire fr&iacute;o el fin de semana, con los valores de temperaturas m&aacute;s bajas en lo que va de este 2024. Finalmente lleg&oacute; el invierno y se est&aacute; haciendo notar en todo el territorio nacional. Si bien cedi&oacute; el per&iacute;odo extremadamente fr&iacute;o sobre la Patagonia, a&uacute;n se registran temperaturas negativas [&hellip;]<\/p>\n","protected":false},"author":2,"featured_media":3492,"comment_status":"open","ping_status":"open","sticky":false,"template":"","format":"standard","meta":{"footnotes":""},"categories":[5,726],"tags":[1004,1167,1165,1166],"class_list":["post-3490","post","type-post","status-publish","format-standard","has-post-thumbnail","hentry","category-nacionales","category-sociedad","tag-frio","tag-patagonia","tag-polar","tag-sur"],"_links":{"self":[{"href":"https:\/\/partediario.com.ar\/index.php?rest_route=\/wp\/v2\/posts\/3490","targetHints":{"allow":["GET"]}}],"collection":[{"href":"https:\/\/partediario.com.ar\/index.php?rest_route=\/wp\/v2\/posts"}],"about":[{"href":"https:\/\/partediario.com.ar\/index.php?rest_route=\/wp\/v2\/types\/post"}],"author":[{"embeddable":true,"href":"https:\/\/partediario.com.ar\/index.php?rest_route=\/wp\/v2\/users\/2"}],"replies":[{"embeddable":true,"href":"https:\/\/partediario.com.ar\/index.php?rest_route=%2Fwp%2Fv2%2Fcomments&post=3490"}],"version-history":[{"count":1,"href":"https:\/\/partediario.com.ar\/index.php?rest_route=\/wp\/v2\/posts\/3490\/revisions"}],"predecessor-version":[{"id":3493,"href":"https:\/\/partediario.com.ar\/index.php?rest_route=\/wp\/v2\/posts\/3490\/revisions\/3493"}],"wp:featuredmedia":[{"embeddable":true,"href":"https:\/\/partediario.com.ar\/index.php?rest_route=\/wp\/v2\/media\/3492"}],"wp:attachment":[{"href":"https:\/\/partediario.com.ar\/index.php?rest_route=%2Fwp%2Fv2%2Fmedia&parent=3490"}],"wp:term":[{"taxonomy":"category","embeddable":true,"href":"https:\/\/partediario.com.ar\/index.php?rest_route=%2Fwp%2Fv2%2Fcategories&post=3490"},{"taxonomy":"post_tag","embeddable":true,"href":"https:\/\/partediario.com.ar\/index.php?rest_route=%2Fwp%2Fv2%2Ftags&post=3490"}],"curies":[{"name":"wp","href":"https:\/\/api.w.org\/{rel}","templated":true}]}}