{"id":3494,"date":"2024-06-27T16:34:21","date_gmt":"2024-06-27T19:34:21","guid":{"rendered":"https:\/\/partediario.com.ar\/?p=3494"},"modified":"2024-06-27T16:34:29","modified_gmt":"2024-06-27T19:34:29","slug":"el-gobierno-activo-en-la-zona-del-congreso-el-protocolo-antipiquetes-por-la-protesta-contra-la-ley-bases","status":"publish","type":"post","link":"https:\/\/partediario.com.ar\/?p=3494","title":{"rendered":"El Gobierno activ\u00f3 en la zona del Congreso el protocolo antipiquetes por la protesta contra la Ley Bases"},"content":{"rendered":"\n<p><strong>Organizaciones de izquierda y la UTEP se concentran en las inmediaciones del Congreso, por su parte las fuerzas federales y la Polic\u00eda de la Ciudad despliegan un operativo.<\/strong><\/p>\n\n\n\n<p>Movimientos sociales, sindicales y piqueteros se concentran en las inmediaciones y se movilizan al Congreso para reclamar en contra de la Ley Bases que se trata en la C\u00e1mara de Diputados. \u00abUna vez m\u00e1s estaremos en las calles movilizando contra la aprobaci\u00f3n de la Ley Bases. \u00a1Vamos a seguir defendiendo nuestros derechos!\u00bb, manifestaron desde la Uni\u00f3n de Trabajadoras y Trabajadores de la Econom\u00eda Popular (UTEP) cuando convocaron, junto a otras organizaciones y el frente de izquierda, a marchar.<\/p>\n\n\n\n<p><\/p>\n\n\n\n<figure class=\"wp-block-image size-large\"><img loading=\"lazy\" decoding=\"async\" width=\"1024\" height=\"576\" src=\"https:\/\/partediario.com.ar\/wp-content\/uploads\/493a78f4-7316-4580-bb0a-3e55b0eabfdf_16-9-discover-aspect-ratio_default_0-1024x576.jpg\" alt=\"\" class=\"wp-image-3496\" srcset=\"https:\/\/partediario.com.ar\/wp-content\/uploads\/493a78f4-7316-4580-bb0a-3e55b0eabfdf_16-9-discover-aspect-ratio_default_0-1024x576.jpg 1024w, https:\/\/partediario.com.ar\/wp-content\/uploads\/493a78f4-7316-4580-bb0a-3e55b0eabfdf_16-9-discover-aspect-ratio_default_0-300x169.jpg 300w, https:\/\/partediario.com.ar\/wp-content\/uploads\/493a78f4-7316-4580-bb0a-3e55b0eabfdf_16-9-discover-aspect-ratio_default_0-768x432.jpg 768w, https:\/\/partediario.com.ar\/wp-content\/uploads\/493a78f4-7316-4580-bb0a-3e55b0eabfdf_16-9-discover-aspect-ratio_default_0.jpg 1200w\" sizes=\"auto, (max-width: 1024px) 100vw, 1024px\" \/><\/figure>\n\n\n\n<p><\/p>\n\n\n\n<p>Adem\u00e1s, a las 15.30, se realizar\u00e1 una radio abierta en Plaza Congreso \u00abpara denunciar esos proyectos de ajuste y entrega\u00bb. Desde el ministerio de Seguridad, mientras tanto, activaron el protocolo antipiquetes que despliegan una vez m\u00e1s con fuerzas federales y de la Ciudad de Buenos Aires.<\/p>\n\n\n\n<p>La cantidad de efectivos, infanter\u00eda, grupos especiales, brigadas motorizadas y camiones hidrantes se dispone dependiendo del n\u00famero de militantes que se movilicen. Se aguarda que la sesi\u00f3n se extienda durante toda la jornada, por lo que ser\u00e1 dif\u00edcil moderar las tensiones y evitar conflictos.<\/p>\n\n\n\n<p>El legislador porte\u00f1o y dirigente del Partido Obrero, Gabriel Solano, se sum\u00f3 a la manifestaci\u00f3n y calific\u00f3 la ley de \u00abantipopular y un retroceso en los derechos laborales y las condiciones de vida de los trabajadores\u00bb.<\/p>\n\n\n\n<p>Por su parte Cele Fierro, diputada porte\u00f1a (MST-FIT Unidad) expres\u00f3: \u00abEste Congreso rosquea leyes con votos comprados, con complicidades, con palos y cacer\u00eda de manifestantes, y la CGT durmiendo la siesta al negarse a parar y movilizar. Esa rosca parlamentaria, es toda contra el pueblo: ninguna de esas medidas beneficia a los trabajadores, sectores medios y populares. S\u00f3lo profundizan la entrega, implican mayor p\u00e9rdida de soberan\u00eda con un RIGI colonial y una reforma laboral anti derechos, todo en beneficio de las corporaciones y grandes empresarios\u00bb.<\/p>\n","protected":false},"excerpt":{"rendered":"<p>Organizaciones de izquierda y la UTEP se concentran en las inmediaciones del Congreso, por su parte las fuerzas federales y la Polic&iacute;a de la Ciudad despliegan un operativo. Movimientos sociales, sindicales y piqueteros se concentran en las inmediaciones y se movilizan al Congreso para reclamar en contra de la Ley Bases que se trata en [&hellip;]<\/p>\n","protected":false},"author":2,"featured_media":3497,"comment_status":"open","ping_status":"open","sticky":false,"template":"","format":"standard","meta":{"footnotes":""},"categories":[5,176],"tags":[1168,223,222,1169],"class_list":["post-3494","post","type-post","status-publish","format-standard","has-post-thumbnail","hentry","category-nacionales","category-politica","tag-antipiquete","tag-ley-bases","tag-movilizacion","tag-utep"],"_links":{"self":[{"href":"https:\/\/partediario.com.ar\/index.php?rest_route=\/wp\/v2\/posts\/3494","targetHints":{"allow":["GET"]}}],"collection":[{"href":"https:\/\/partediario.com.ar\/index.php?rest_route=\/wp\/v2\/posts"}],"about":[{"href":"https:\/\/partediario.com.ar\/index.php?rest_route=\/wp\/v2\/types\/post"}],"author":[{"embeddable":true,"href":"https:\/\/partediario.com.ar\/index.php?rest_route=\/wp\/v2\/users\/2"}],"replies":[{"embeddable":true,"href":"https:\/\/partediario.com.ar\/index.php?rest_route=%2Fwp%2Fv2%2Fcomments&post=3494"}],"version-history":[{"count":1,"href":"https:\/\/partediario.com.ar\/index.php?rest_route=\/wp\/v2\/posts\/3494\/revisions"}],"predecessor-version":[{"id":3498,"href":"https:\/\/partediario.com.ar\/index.php?rest_route=\/wp\/v2\/posts\/3494\/revisions\/3498"}],"wp:featuredmedia":[{"embeddable":true,"href":"https:\/\/partediario.com.ar\/index.php?rest_route=\/wp\/v2\/media\/3497"}],"wp:attachment":[{"href":"https:\/\/partediario.com.ar\/index.php?rest_route=%2Fwp%2Fv2%2Fmedia&parent=3494"}],"wp:term":[{"taxonomy":"category","embeddable":true,"href":"https:\/\/partediario.com.ar\/index.php?rest_route=%2Fwp%2Fv2%2Fcategories&post=3494"},{"taxonomy":"post_tag","embeddable":true,"href":"https:\/\/partediario.com.ar\/index.php?rest_route=%2Fwp%2Fv2%2Ftags&post=3494"}],"curies":[{"name":"wp","href":"https:\/\/api.w.org\/{rel}","templated":true}]}}