{"id":3511,"date":"2024-06-27T17:46:55","date_gmt":"2024-06-27T20:46:55","guid":{"rendered":"https:\/\/partediario.com.ar\/?p=3511"},"modified":"2024-06-27T17:47:03","modified_gmt":"2024-06-27T20:47:03","slug":"ley-bases-hoy-tiene-que-empezar-otro-capitulo-senalo-frigerio","status":"publish","type":"post","link":"https:\/\/partediario.com.ar\/?p=3511","title":{"rendered":"Ley Bases: \u00abHoy tiene que empezar otro cap\u00edtulo\u00bb, se\u00f1al\u00f3 Frigerio"},"content":{"rendered":"\n<p><strong>El gobernador Rogelio Frigerio recibi\u00f3 a sus pares de C\u00f3rdoba y Santa Fe. \u00abTrabajamos mucho para la gobernabilidad\u00bb, afirm\u00f3.<\/strong><\/p>\n\n\n\n<p>Rogelio Frigerio, gobernador de Entre R\u00edos, recibi\u00f3 hoy en Paran\u00e1 a sus pares de C\u00f3rdoba -Mart\u00edn Llaryora- y de Santa Fe -Maximiliano Pullaro-. A instancias de la votaci\u00f3n en Diputados de la Ley Bases, el mandatario entrerriano se\u00f1al\u00f3 que \u00abhoy tiene que empezar otro cap\u00edtulo\u00bb en el pa\u00eds.<\/p>\n\n\n\n<p>En el marco del aniversario 55 del retiro de la \u00faltima compuerta del T\u00fanel Subfluvial, Frigerio mantuvo una reuni\u00f3n con sus pares de la Regi\u00f3n Centro, por lo cual puso en valor la integraci\u00f3n entre las provincias. Asever\u00f3 que \u00abes un momento dif\u00edcil para la argentina y los argentinos\u00bb, por lo que est\u00e1n \u00abtrabajando mucho para la gobernabilidad, para que el Gobierno nacional tenga has herramientas e instrumentos que necesita\u00bb.<\/p>\n\n\n\n<p>Frigerio dijo que es necesario \u00abterminar con una historia demasiado larga, que pasaron demasiados meses y hay que dar vuelta la p\u00e1gina\u00bb. En ese sentido, dijo que ya es necesario \u00abempezar a reivindicar temas como la infraestructura que es determinante para la integraci\u00f3n y el desarrollo, que nos va a posibilitar vivir mejor\u00bb.<\/p>\n\n\n\n<p>\u00abHemos decidido apoyar el pedido del Gobierno nacional que contar con instrumentos para sacar a la Argentina despu\u00e9s de la herencia recibida que les ha tocado, como nosotros en la provincia. Por eso hemos decidido acompa\u00f1ar\u00bb, asegur\u00f3.<\/p>\n\n\n\n<p>\u00abA partir de hoy, si esta Ley Bases y el paquete fiscal se concretan, tiene que empezar otro cap\u00edtulo que espero sea mejor para los argentinos. Necesitamos que al gobierno nacional le vaya bien\u00bb, concluy\u00f3.<\/p>\n","protected":false},"excerpt":{"rendered":"<p>El gobernador Rogelio Frigerio recibi&oacute; a sus pares de C&oacute;rdoba y Santa Fe. &laquo;Trabajamos mucho para la gobernabilidad&raquo;, afirm&oacute;. Rogelio Frigerio, gobernador de Entre R&iacute;os, recibi&oacute; hoy en Paran&aacute; a sus pares de C&oacute;rdoba -Mart&iacute;n Llaryora- y de Santa Fe -Maximiliano Pullaro-. A instancias de la votaci&oacute;n en Diputados de la Ley Bases, el mandatario [&hellip;]<\/p>\n","protected":false},"author":2,"featured_media":3512,"comment_status":"open","ping_status":"open","sticky":false,"template":"","format":"standard","meta":{"footnotes":""},"categories":[176,8],"tags":[257,223,1187,265,245,1188],"class_list":["post-3511","post","type-post","status-publish","format-standard","has-post-thumbnail","hentry","category-politica","category-provinciales","tag-entre-rios","tag-ley-bases","tag-maximiliano-pullaroc","tag-parana","tag-rogelio-frigerio","tag-tunel-subfluvial"],"_links":{"self":[{"href":"https:\/\/partediario.com.ar\/index.php?rest_route=\/wp\/v2\/posts\/3511","targetHints":{"allow":["GET"]}}],"collection":[{"href":"https:\/\/partediario.com.ar\/index.php?rest_route=\/wp\/v2\/posts"}],"about":[{"href":"https:\/\/partediario.com.ar\/index.php?rest_route=\/wp\/v2\/types\/post"}],"author":[{"embeddable":true,"href":"https:\/\/partediario.com.ar\/index.php?rest_route=\/wp\/v2\/users\/2"}],"replies":[{"embeddable":true,"href":"https:\/\/partediario.com.ar\/index.php?rest_route=%2Fwp%2Fv2%2Fcomments&post=3511"}],"version-history":[{"count":1,"href":"https:\/\/partediario.com.ar\/index.php?rest_route=\/wp\/v2\/posts\/3511\/revisions"}],"predecessor-version":[{"id":3513,"href":"https:\/\/partediario.com.ar\/index.php?rest_route=\/wp\/v2\/posts\/3511\/revisions\/3513"}],"wp:featuredmedia":[{"embeddable":true,"href":"https:\/\/partediario.com.ar\/index.php?rest_route=\/wp\/v2\/media\/3512"}],"wp:attachment":[{"href":"https:\/\/partediario.com.ar\/index.php?rest_route=%2Fwp%2Fv2%2Fmedia&parent=3511"}],"wp:term":[{"taxonomy":"category","embeddable":true,"href":"https:\/\/partediario.com.ar\/index.php?rest_route=%2Fwp%2Fv2%2Fcategories&post=3511"},{"taxonomy":"post_tag","embeddable":true,"href":"https:\/\/partediario.com.ar\/index.php?rest_route=%2Fwp%2Fv2%2Ftags&post=3511"}],"curies":[{"name":"wp","href":"https:\/\/api.w.org\/{rel}","templated":true}]}}