{"id":3514,"date":"2024-06-27T18:23:35","date_gmt":"2024-06-27T21:23:35","guid":{"rendered":"https:\/\/partediario.com.ar\/?p=3514"},"modified":"2024-06-27T18:23:37","modified_gmt":"2024-06-27T21:23:37","slug":"habilitaron-nuevas-obras-en-la-plaza-cabo-principal-jorge-carlos-baiud-de-parana","status":"publish","type":"post","link":"https:\/\/partediario.com.ar\/?p=3514","title":{"rendered":"Habilitaron nuevas obras en la Plaza Cabo Principal Jorge Carlos Baiud de Paran\u00e1"},"content":{"rendered":"\n<p><strong>La intendenta Rosario Romero inaugur\u00f3 este mi\u00e9rcoles la intervenci\u00f3n integral en barrio Vairetti para recuperar un espacio p\u00fablico destinado a la recreaci\u00f3n y el disfrute de los vecinos. Hubo una bicicleteada y actividades para toda la familia. Estuvo presente el viceintendente David C\u00e1ceres.<\/strong><\/p>\n\n\n\n<p>La intervenci\u00f3n integral, inaugurada este mi\u00e9rcoles por la intendenta Rosario Romero junto al viceintendente David C\u00e1ceres, es parte de un plan de la actual gesti\u00f3n para brindar a la comunidad espacios p\u00fablicos de calidad y que contribuyen a la mejora de la salud f\u00edsica y social de los vecinos. Como parte de la intervenci\u00f3n se instalaron 17 nuevas luminarias LED y se construyeron veredas, entre otras mejoras.<\/p>\n\n\n\n<p><\/p>\n\n\n\n<figure class=\"wp-block-image size-large\"><img loading=\"lazy\" decoding=\"async\" width=\"1024\" height=\"681\" src=\"https:\/\/partediario.com.ar\/wp-content\/uploads\/1719436728_7dbfa8a2c1fe27e34177-1-1024x681.jpg\" alt=\"\" class=\"wp-image-3516\" srcset=\"https:\/\/partediario.com.ar\/wp-content\/uploads\/1719436728_7dbfa8a2c1fe27e34177-1-1024x681.jpg 1024w, https:\/\/partediario.com.ar\/wp-content\/uploads\/1719436728_7dbfa8a2c1fe27e34177-1-300x200.jpg 300w, https:\/\/partediario.com.ar\/wp-content\/uploads\/1719436728_7dbfa8a2c1fe27e34177-1-768x511.jpg 768w, https:\/\/partediario.com.ar\/wp-content\/uploads\/1719436728_7dbfa8a2c1fe27e34177-1.jpg 1399w\" sizes=\"auto, (max-width: 1024px) 100vw, 1024px\" \/><\/figure>\n\n\n\n<p><\/p>\n\n\n\n<p><\/p>\n\n\n\n<p>\u201cTodos estos espacios son de recreaci\u00f3n, son un patio m\u00e1s del vecino y son un patio para el que no tiene patio. Adem\u00e1s, en estas hermosas veredas los chicos van a poder andar en bicicleta, hacer sus actividades, hay una cancha de f\u00fatbol y hay un m\u00e1stil. Tenemos completa una situaci\u00f3n para un espacio de recreaci\u00f3n en \u00f3ptimas condiciones\u201d, evalu\u00f3 la presidenta municipal.<\/p>\n\n\n\n<p>La plaza ubicada en calles Batalla de Cepeda y Vicegobernador Miguel Torrealday le rinde homenaje a los ca\u00eddos en Malvinas y en especial, al cabo primero Jorge Carlos Baiud. Para honrar la memoria de los entrerrianos ca\u00eddos en Malvinas se plantaron 36 \u00e1rboles en distintos sectores.<\/p>\n\n\n\n<p>El viceintendente David C\u00e1ceres reflexion\u00f3 sobre el valor de recuperar un nuevo espacio p\u00fabico. \u201cEste lugar fue mejorado con mano de obra municipal y con recursos propios de los contribuyentes. Todas las \u00e1reas de servicios p\u00fablicos se pusieron a trabajar y tenemos este resultado\u201d, manifest\u00f3.<\/p>\n\n\n\n<p>A su turno, el secretario de Servicios P\u00fablicos, Juli\u00e1n Hirschfeld, rescat\u00f3 que \u201cson obras que los vecinos reclamaban y es importante porque est\u00e1 emplazada en un barrio de la ciudad. Se realiz\u00f3 en su totalidad con mano de obra municipal\u201d.<\/p>\n\n\n\n<p>Los trabajos, que se realizaron con personal y recursos propios del Municipio, contemplaron una mejor accesibilidad, espacios recreativos y servicios.<\/p>\n\n\n\n<p>Durante la jornada hubo actividades recreativas para toda la familia, juegos corporativos, zumba, caminata, lectura de libros con Ba\u00fales Andariegos y una bicicleteada.<\/p>\n\n\n\n<p><strong>Merecido homenaje<\/strong><\/p>\n\n\n\n<p>H\u00e9ctor Rosset, Director de Veteranos de Guerra de Malvinas de la Municipalidad, destac\u00f3 la figura del Cabo Principal Baiud: \u201cNos parece un hecho realmente significativo esta puesta en valor y que tenga el honor de llevar el nombre de un h\u00e9roe de Malvinas\u201d.<br>Del mismo modo, Cecilia Baiud, hija del cabo reconocido, dijo sentir \u201corgullo, honor, que la ciudadan\u00eda y los vecinos de Paran\u00e1 hagan este reconocimiento. Mi pap\u00e1 era un vecino paranaense y siempre es un orgullo que se los pueda seguir recordando\u201d.<\/p>\n\n\n\n<p><strong>Vecina agradecida<\/strong><\/p>\n\n\n\n<p>Silvia M\u00fcller, vecina de la zona, agradeci\u00f3 la concreci\u00f3n \u201cde este espacio porque es importante para la comunidad tener un lugar donde uno pueda encontrarse\u201d.<\/p>\n\n\n\n<p><strong>Sobre la obra<\/strong><\/p>\n\n\n\n<p>La renovada plaza incluye un sector de juegos renovado, un espacio para actividades aer\u00f3bicas con elementos nuevos y otros reciclados, la construcci\u00f3n de veredas, rampas para favorecer la accesibilidad y nuevas luminarias. Del mismo modo, se recuper\u00f3 una cancha de f\u00fatbol para la recreaci\u00f3n de ni\u00f1os y adolescentes.<\/p>\n\n\n\n<p>Participaron el secretario de Planificaci\u00f3n e Infraestructura, Eduardo Lor\u00e9fice; la secretar\u00eda de Desarrollo Humano, Mariela Ponce; la secretaria de Seguridad Vial, Movilidad y Ordenamiento Urbano, Katerina Stickel y la secretaria de Educaci\u00f3n, Cultura y Convivencia Ciudadana, Nadia Bilat; los concejales Luisina Minni, Ana Ruberto, Susana Far\u00edas, Fernanda Facello, M\u00e1ximo Miguez y Enrique R\u00edos; autoridades del CGE y familiares del Cabo Principal Jorge Carlos Baiud.<\/p>\n\n\n\n<p><\/p>\n\n\n\n<figure class=\"wp-block-embed is-type-video is-provider-youtube wp-block-embed-youtube wp-embed-aspect-16-9 wp-has-aspect-ratio\"><div class=\"wp-block-embed__wrapper\">\n<iframe loading=\"lazy\" title=\"Habilitaron nuevas obras en la Plaza Cabo Principal Jorge Carlos Baiud\" width=\"640\" height=\"360\" src=\"https:\/\/www.youtube.com\/embed\/G7K7RtQD0Y8?feature=oembed\" frameborder=\"0\" allow=\"accelerometer; autoplay; clipboard-write; encrypted-media; gyroscope; picture-in-picture; web-share\" referrerpolicy=\"strict-origin-when-cross-origin\" allowfullscreen><\/iframe>\n<\/div><\/figure>\n","protected":false},"excerpt":{"rendered":"<p>La intendenta Rosario Romero inaugur&oacute; este mi&eacute;rcoles la intervenci&oacute;n integral en barrio Vairetti para recuperar un espacio p&uacute;blico destinado a la recreaci&oacute;n y el disfrute de los vecinos. Hubo una bicicleteada y actividades para toda la familia. Estuvo presente el viceintendente David C&aacute;ceres. La intervenci&oacute;n integral, inaugurada este mi&eacute;rcoles por la intendenta Rosario Romero junto [&hellip;]<\/p>\n","protected":false},"author":2,"featured_media":3517,"comment_status":"open","ping_status":"open","sticky":false,"template":"","format":"standard","meta":{"footnotes":""},"categories":[6,726],"tags":[1189,1193,1192,1195,330,265,761,242],"class_list":["post-3514","post","type-post","status-publish","format-standard","has-post-thumbnail","hentry","category-locales","category-sociedad","tag-cabo-principal-jorge-carlos-baiud","tag-eduardo-lorefice","tag-hector-rosset","tag-luisina-minii","tag-obras","tag-parana","tag-plaza","tag-rosario-romero"],"_links":{"self":[{"href":"https:\/\/partediario.com.ar\/index.php?rest_route=\/wp\/v2\/posts\/3514","targetHints":{"allow":["GET"]}}],"collection":[{"href":"https:\/\/partediario.com.ar\/index.php?rest_route=\/wp\/v2\/posts"}],"about":[{"href":"https:\/\/partediario.com.ar\/index.php?rest_route=\/wp\/v2\/types\/post"}],"author":[{"embeddable":true,"href":"https:\/\/partediario.com.ar\/index.php?rest_route=\/wp\/v2\/users\/2"}],"replies":[{"embeddable":true,"href":"https:\/\/partediario.com.ar\/index.php?rest_route=%2Fwp%2Fv2%2Fcomments&post=3514"}],"version-history":[{"count":1,"href":"https:\/\/partediario.com.ar\/index.php?rest_route=\/wp\/v2\/posts\/3514\/revisions"}],"predecessor-version":[{"id":3518,"href":"https:\/\/partediario.com.ar\/index.php?rest_route=\/wp\/v2\/posts\/3514\/revisions\/3518"}],"wp:featuredmedia":[{"embeddable":true,"href":"https:\/\/partediario.com.ar\/index.php?rest_route=\/wp\/v2\/media\/3517"}],"wp:attachment":[{"href":"https:\/\/partediario.com.ar\/index.php?rest_route=%2Fwp%2Fv2%2Fmedia&parent=3514"}],"wp:term":[{"taxonomy":"category","embeddable":true,"href":"https:\/\/partediario.com.ar\/index.php?rest_route=%2Fwp%2Fv2%2Fcategories&post=3514"},{"taxonomy":"post_tag","embeddable":true,"href":"https:\/\/partediario.com.ar\/index.php?rest_route=%2Fwp%2Fv2%2Ftags&post=3514"}],"curies":[{"name":"wp","href":"https:\/\/api.w.org\/{rel}","templated":true}]}}