{"id":3528,"date":"2024-06-27T22:15:44","date_gmt":"2024-06-28T01:15:44","guid":{"rendered":"https:\/\/partediario.com.ar\/?p=3528"},"modified":"2024-06-27T22:15:45","modified_gmt":"2024-06-28T01:15:45","slug":"el-tribunal-de-disciplina-sera-quien-refleje-la-voluntad-de-los-afiliados-con-respecto-a-la-situacion-de-kueider-dijo-rios","status":"publish","type":"post","link":"https:\/\/partediario.com.ar\/?p=3528","title":{"rendered":"\u201cEl Tribunal de Disciplina ser\u00e1 quien refleje la voluntad de los afiliados con respecto a la situaci\u00f3n de Kueider\u201d, dijo R\u00edos"},"content":{"rendered":"\n<p><strong>El concejal por M\u00e1s para Entre R\u00edos, Enrique R\u00edos, hizo referencia a la sesi\u00f3n que realiz\u00f3 ayer el Concejo Deliberante y analiz\u00f3 el tratamiento que tendr\u00e1 hoy el proyecto de Ley Bases en el Senado de la Naci\u00f3n.<\/strong><\/p>\n\n\n\n<p>Con respecto a los terrenos linderos al Patito Sirir\u00ed, R\u00edos explic\u00f3 que \u201clo que se sancion\u00f3 ayer es una ordenanza donde declara de utilidad p\u00fablica y sujeto de expropiaci\u00f3n, haciendo uso de las facultades que tiene el Concejo y en funci\u00f3n de las leyes nacionales y provinciales. Lo que se hace es la declaraci\u00f3n; con posterioridad, ser\u00e1 la Legislatura provincial la que llevar\u00e1 adelante el proceso de sanci\u00f3n de la ley de expropiaci\u00f3n\u201d.<br><br>Agreg\u00f3 con respecto a los terrenos que: \u201cDe acuerdo a lo que han manifestado y a la documentaci\u00f3n obrante por los poseedores y titulares de los mismos, acreditan su propiedad; m\u00e1s all\u00e1 que a veces se se\u00f1alan algunas dudas, ha quedado claramente reflejado en la documentaci\u00f3n obrante por los propietarios\u201d, y agreg\u00f3 el Concejal: \u201cSon franjas de terreno cuya propiedad han acreditado los se\u00f1ores Arm\u00e1ndola y Pintos. El caso particular del d\u00eda de ayer tiene que ver con una franja de terrenos que a trav\u00e9s de una disposici\u00f3n judicial salen a remate, una subasta p\u00fablica, el d\u00eda 26; entonces a los efectos de dejar clara cu\u00e1l es la postura tanto del Ejecutivo como del Concejo Deliberante, se llev\u00f3 a cabo esta ordenanza para manifestar la voluntad pol\u00edtica que esos terrenos de alguna manera sean reincorporados a lo que es el Parque Urquiza, como lo viene pidiendo un sector importante de la ciudad\u201d.<br><br>\u201cSer\u00e1 a trav\u00e9s de la Legislatura provincial que se declare la ley de expropiaci\u00f3n y a partir de ah\u00ed establecer con los propietarios todo lo que tiene que ver con las indemnizaciones correspondientes, el pago de los mismos\u201d, inform\u00f3 R\u00edos.<br><br>En referencia al tratamiento en el Senado de la Naci\u00f3n del proyecto de Ley Bases, Enrique R\u00edos consider\u00f3: \u201cCreo que va a ser una jornada de debate profundo. Entiendo que hay posturas encontradas. Particularmente yo me he manifestado en desacuerdo con varios puntos que posee este proyecto de ley, cuestiones que tienen que ver fundamentalmente con la situaci\u00f3n del desarrollo econ\u00f3mico, de los trabajadores, que por lo menos a m\u00ed no me garantizan que la situaci\u00f3n social y econ\u00f3mica mejoren sino todo lo contrario. Tambi\u00e9n soy respetuoso de aquellas personas que piensan diferente. Creo que va a ser una jornada con mucha efervescencia de distintos sectores, fundamentalmente de quienes se oponen a este proyecto\u201d.<br><br>Consultado sobre la postura de algunos dirigentes del peronismo entrerriano que se\u00f1alaron que a Kueider hay que echarlo del partido, indic\u00f3: \u201cSi nosotros expulsamos a todos porque pensamos distinto, no me parece una soluci\u00f3n. Creo que es necesario manifestar las disidencias, uno en este marco puede decir en qu\u00e9 est\u00e1 de acuerdo y en qu\u00e9 no. Al peronismo le hace falta un debate mucho m\u00e1s profundo que tiene que ver con el horizonte hacia d\u00f3nde vamos, c\u00f3mo somos capaces de recuperar la credibilidad de la gente perdida, c\u00f3mo somos capaces de construir una alternativa pol\u00edtica que vuelva a enamorar, a convocar; quiz\u00e1s tengamos que insistir en estas cosas previas antes de plantearnos la expulsi\u00f3n de un dirigente, o puntualmente plantear que quiz\u00e1s el foco de todos los males sea una decisi\u00f3n equivocada o no de Kueider, antes de eso tenemos que discutir otras cosas\u201d.<br><br>Expres\u00f3 que: \u201cDesde el Consejo Provincial del PJ se ha establecido el Tribunal de Disciplina y ser\u00e1 este \u00f3rgano quien refleje la voluntad de los afiliados con respecto a la situaci\u00f3n de Kueider\u201d, y agreg\u00f3 que el senador nacional \u201ctuvo una reuni\u00f3n con Intendentes donde fij\u00f3 su posici\u00f3n; despu\u00e9s lo que veo es que lo que Kueider firma es un despacho en disidencia, veremos ahora cu\u00e1l es el proceso. Yo tengo mi posici\u00f3n tomada pol\u00edticamente contraria a algunas cuestiones de la Ley Bases, soy respetuoso de quienes opinan diferente y entiendo que el problema fundamental de nuestro movimiento no pasa precisamente por este tipo de situaciones sino por otras cosas que tenemos que discutir y sin lugar a duda vamos a hacerlo los peronistas y le vamos a encontrar, como siempre lo hemos hecho, una salida positiva a esta situaci\u00f3n\u201d.<br><br>Consign\u00f3: Radio La Voz<\/p>\n","protected":false},"excerpt":{"rendered":"<p>El concejal por M&aacute;s para Entre R&iacute;os, Enrique R&iacute;os, hizo referencia a la sesi&oacute;n que realiz&oacute; ayer el Concejo Deliberante y analiz&oacute; el tratamiento que tendr&aacute; hoy el proyecto de Ley Bases en el Senado de la Naci&oacute;n. Con respecto a los terrenos linderos al Patito Sirir&iacute;, R&iacute;os explic&oacute; que &ldquo;lo que se sancion&oacute; ayer [&hellip;]<\/p>\n","protected":false},"author":2,"featured_media":3529,"comment_status":"open","ping_status":"open","sticky":false,"template":"","format":"standard","meta":{"footnotes":""},"categories":[6,176],"tags":[280,427,265],"class_list":["post-3528","post","type-post","status-publish","format-standard","has-post-thumbnail","hentry","category-locales","category-politica","tag-edgardo-kueider","tag-enrique-rios","tag-parana"],"_links":{"self":[{"href":"https:\/\/partediario.com.ar\/index.php?rest_route=\/wp\/v2\/posts\/3528","targetHints":{"allow":["GET"]}}],"collection":[{"href":"https:\/\/partediario.com.ar\/index.php?rest_route=\/wp\/v2\/posts"}],"about":[{"href":"https:\/\/partediario.com.ar\/index.php?rest_route=\/wp\/v2\/types\/post"}],"author":[{"embeddable":true,"href":"https:\/\/partediario.com.ar\/index.php?rest_route=\/wp\/v2\/users\/2"}],"replies":[{"embeddable":true,"href":"https:\/\/partediario.com.ar\/index.php?rest_route=%2Fwp%2Fv2%2Fcomments&post=3528"}],"version-history":[{"count":1,"href":"https:\/\/partediario.com.ar\/index.php?rest_route=\/wp\/v2\/posts\/3528\/revisions"}],"predecessor-version":[{"id":3530,"href":"https:\/\/partediario.com.ar\/index.php?rest_route=\/wp\/v2\/posts\/3528\/revisions\/3530"}],"wp:featuredmedia":[{"embeddable":true,"href":"https:\/\/partediario.com.ar\/index.php?rest_route=\/wp\/v2\/media\/3529"}],"wp:attachment":[{"href":"https:\/\/partediario.com.ar\/index.php?rest_route=%2Fwp%2Fv2%2Fmedia&parent=3528"}],"wp:term":[{"taxonomy":"category","embeddable":true,"href":"https:\/\/partediario.com.ar\/index.php?rest_route=%2Fwp%2Fv2%2Fcategories&post=3528"},{"taxonomy":"post_tag","embeddable":true,"href":"https:\/\/partediario.com.ar\/index.php?rest_route=%2Fwp%2Fv2%2Ftags&post=3528"}],"curies":[{"name":"wp","href":"https:\/\/api.w.org\/{rel}","templated":true}]}}