{"id":3531,"date":"2024-06-28T08:10:02","date_gmt":"2024-06-28T11:10:02","guid":{"rendered":"https:\/\/partediario.com.ar\/?p=3531"},"modified":"2024-06-28T08:10:03","modified_gmt":"2024-06-28T11:10:03","slug":"el-gobierno-consiguio-su-primera-ley-en-una-sesion-que-dejo-al-descubierto-las-fracturas-de-los-principales-bloques","status":"publish","type":"post","link":"https:\/\/partediario.com.ar\/?p=3531","title":{"rendered":"El Gobierno consigui\u00f3 su primera ley en una sesi\u00f3n que dej\u00f3 al descubierto las fracturas de los principales bloques"},"content":{"rendered":"\n<p><strong>Tras una sesi\u00f3n que se extendi\u00f3 por m\u00e1s de trece horas el oficialismo se llev\u00f3 la primera ley para el Gobierno libertario.<\/strong><\/p>\n\n\n\n<p>La C\u00e1mara de Diputados de la Naci\u00f3n le acaba de dar a Javier Milei su primera ley tras seis meses de gesti\u00f3n, con 147 votos afirmativos y 107 negativos. Los protagonistas de la jornada fueron las traiciones internas y llamados de \u00faltimo momento para conseguir cada voto.<\/p>\n\n\n\n<p>Desde un principio el oficialismo confi\u00f3 en que iba a tener los votos para aprobar los cambios de la Ley Bases, la vuelta del Impuesto a las Ganancias y la reducci\u00f3n de Bienes Personales, y que no iban a alcanzar los dos tercios para sostener el art\u00edculo 111. Sin embargo, la jornada no estuvo exenta de recelos internos hacia adentro de los propios bloques, un cap\u00edtulo m\u00e1s del crujido que vienen sufriendo las coaliciones pol\u00edticas en Argentina desde que Javier Milei gan\u00f3 las elecciones.<\/p>\n\n\n\n<p>Karina Milei lleg\u00f3 al Congreso un rato despu\u00e9s de las 19 acompa\u00f1ada por su mano derecha Eduardo \u201cLule\u201d Menem, t\u00edo del presidente de la C\u00e1mara, y escoltada por Sharif Menem, sobrino del presidente de la C\u00e1mara. La hermana del presidente se reuni\u00f3 con algunos diputados libertarios como el jefe del bloque Gabriel Bornoroni y salud\u00f3 al personal de la C\u00e1mara baja.<\/p>\n\n\n\n<p>Victoria Villarruel no se quiso quedar atr\u00e1s y minutos despu\u00e9s se ubic\u00f3 en el palco preferencial de la C\u00e1mara de Diputados. Pos\u00f3, con una blusa bord\u00f3 y un labial del mismo color, para las c\u00e1maras de los reportes gr\u00e1ficos que inmortalizaron su imagen con su mirada seria y su vista en el horizonte. Para ese momento ya se sab\u00eda que la jornada iba a terminar con un triunfo para La Libertad Avanza.<\/p>\n\n\n\n<p>La aparici\u00f3n de los pesos pesados de La Libertad Avanza no le cay\u00f3 bien a ninguna de las partes. \u00abEs raro que aparezca ahora que ya est\u00e1 todo cocinado, cuando hab\u00eda que estar era dif\u00edcil traer a funcionarios\u00bb, comentaron cerca de la vice. En el debate en el Senado, Villarruel manifest\u00f3 en varias ocasiones su malestar con la Casa Rosada porque no le daban lugar en la negociaci\u00f3n y pon\u00edan fechas l\u00edmites que luego no se cumpl\u00edan.<\/p>\n\n\n\n<p><\/p>\n\n\n\n<figure class=\"wp-block-image size-full\"><img loading=\"lazy\" decoding=\"async\" width=\"768\" height=\"512\" src=\"https:\/\/partediario.com.ar\/wp-content\/uploads\/f768x512-1615379_1671570_5050.webp\" alt=\"\" class=\"wp-image-3532\" srcset=\"https:\/\/partediario.com.ar\/wp-content\/uploads\/f768x512-1615379_1671570_5050.webp 768w, https:\/\/partediario.com.ar\/wp-content\/uploads\/f768x512-1615379_1671570_5050-300x200.webp 300w\" sizes=\"auto, (max-width: 768px) 100vw, 768px\" \/><\/figure>\n\n\n\n<p><\/p>\n\n\n\n<p>Poco antes de la votaci\u00f3n la hermana del presidente se sent\u00f3 en el palco en el que hab\u00eda estado Villarruel. Esta vez acompa\u00f1ada por el jefe de Gabinete, Guillermo Francos, uno de los principales art\u00edfices de los acuerdos a los que se lleg\u00f3 en el Congreso.<\/p>\n\n\n\n<p><strong>Voto a voto<\/strong><\/p>\n\n\n\n<p>Otra de las que titube\u00f3 durante toda la jornada fue la excandidata a gobernadora de La Libertad Avanza Carolina P\u00edparo. Primero dijo a los operadores oficialistas que acompa\u00f1aba, despu\u00e9s le filtr\u00f3 a la prensa que \u00ablo estaba pensando\u00bb. Inmediatamente aparecieron los llamados de la Casa Rosada y la platense acept\u00f3 votar afirmativamente.<\/p>\n\n\n\n<p>Marcela Pagano tambi\u00e9n estuvo durante toda la jornada que ven\u00eda a la sesi\u00f3n. La diputada libertaria est\u00e1 atravesando complicaciones en su salud y debe pasar estas horas en reposo. Poco de esos diagn\u00f3sticos m\u00e9dicos entiende la pol\u00edtica, menos a\u00fan cuando faltan los votos para una ley que junta dinero para distribuir en las provincias. Lo mismo ocurri\u00f3 con Florencio Randazzo estuvo en la misma situaci\u00f3n, tiene a un familiar internado.<\/p>\n\n\n\n<p>La Libertad Avanza debut\u00f3 con su victoria pol\u00edtica y sac\u00f3 dos mega leyes que pasaron por la motosierra de la pol\u00edtica: la primera versi\u00f3n de la Ley Bases lleg\u00f3 con 664 art\u00edculos. La que se aprob\u00f3 qued\u00f3 con 238. De las 41 empresas a privatizar, s\u00f3lo quedaron seis y de las 16 materias de emergencias por cuatro a\u00f1os, quedaron solo cuatro y por uno.<\/p>\n","protected":false},"excerpt":{"rendered":"<p>Tras una sesi&oacute;n que se extendi&oacute; por m&aacute;s de trece horas el oficialismo se llev&oacute; la primera ley para el Gobierno libertario. La C&aacute;mara de Diputados de la Naci&oacute;n le acaba de dar a Javier Milei su primera ley tras seis meses de gesti&oacute;n, con 147 votos afirmativos y 107 negativos. Los protagonistas de la [&hellip;]<\/p>\n","protected":false},"author":2,"featured_media":3533,"comment_status":"open","ping_status":"open","sticky":false,"template":"","format":"standard","meta":{"footnotes":""},"categories":[5,176],"tags":[1206,1207,1208,329,232,263,223,266,1209,233],"class_list":["post-3531","post","type-post","status-publish","format-standard","has-post-thumbnail","hentry","category-nacionales","category-politica","tag-aprobacion","tag-carolina-piparo","tag-florencio-randazzo","tag-guillermo-francos","tag-javier-milei","tag-karina-milei","tag-ley-bases","tag-libertad-avanza","tag-marcela-pagano","tag-victoria-villarruel"],"_links":{"self":[{"href":"https:\/\/partediario.com.ar\/index.php?rest_route=\/wp\/v2\/posts\/3531","targetHints":{"allow":["GET"]}}],"collection":[{"href":"https:\/\/partediario.com.ar\/index.php?rest_route=\/wp\/v2\/posts"}],"about":[{"href":"https:\/\/partediario.com.ar\/index.php?rest_route=\/wp\/v2\/types\/post"}],"author":[{"embeddable":true,"href":"https:\/\/partediario.com.ar\/index.php?rest_route=\/wp\/v2\/users\/2"}],"replies":[{"embeddable":true,"href":"https:\/\/partediario.com.ar\/index.php?rest_route=%2Fwp%2Fv2%2Fcomments&post=3531"}],"version-history":[{"count":1,"href":"https:\/\/partediario.com.ar\/index.php?rest_route=\/wp\/v2\/posts\/3531\/revisions"}],"predecessor-version":[{"id":3534,"href":"https:\/\/partediario.com.ar\/index.php?rest_route=\/wp\/v2\/posts\/3531\/revisions\/3534"}],"wp:featuredmedia":[{"embeddable":true,"href":"https:\/\/partediario.com.ar\/index.php?rest_route=\/wp\/v2\/media\/3533"}],"wp:attachment":[{"href":"https:\/\/partediario.com.ar\/index.php?rest_route=%2Fwp%2Fv2%2Fmedia&parent=3531"}],"wp:term":[{"taxonomy":"category","embeddable":true,"href":"https:\/\/partediario.com.ar\/index.php?rest_route=%2Fwp%2Fv2%2Fcategories&post=3531"},{"taxonomy":"post_tag","embeddable":true,"href":"https:\/\/partediario.com.ar\/index.php?rest_route=%2Fwp%2Fv2%2Ftags&post=3531"}],"curies":[{"name":"wp","href":"https:\/\/api.w.org\/{rel}","templated":true}]}}