{"id":3541,"date":"2024-06-28T08:46:19","date_gmt":"2024-06-28T11:46:19","guid":{"rendered":"https:\/\/partediario.com.ar\/?p=3541"},"modified":"2024-06-28T08:46:21","modified_gmt":"2024-06-28T11:46:21","slug":"cuatro-horas-declaro-la-familia-de-loan-pena-en-goya","status":"publish","type":"post","link":"https:\/\/partediario.com.ar\/?p=3541","title":{"rendered":"Cuatro horas declar\u00f3 la familia de Loan Pe\u00f1a en Goya"},"content":{"rendered":"\n<p><strong>Familiares y asistentes al almuerzo que termin\u00f3 con la desaparici\u00f3n Loan Pe\u00f1a hace dos semanas en Corrientes, fueron trasladados a Goya para declarar en la tarde de este jueves.<\/strong><\/p>\n\n\n\n<p>Con la intervenci\u00f3n de la Justicia Federal, a cargo de la investigaci\u00f3n por la desaparici\u00f3n de Loan Pe\u00f1a (5) en Corrientes, la causa \u00abvuelve a foja cero\u00bb pr\u00e1cticamente, seg\u00fan precisan fuentes cercanas al caso. En este contexto, en la tarde de este jueves los padres del menor, sus cuatro hermanos, el resto de los familiares y asistentes al almuerzo del 13 de junio, fueron trasladados a la fiscal\u00eda de Goya para declarar nuevamente.<\/p>\n\n\n\n<p>As\u00ed lo confirm\u00f3 el abogado Gustavo Briend, quien representa a Mar\u00eda Noguera, la madre de peque\u00f1o buscado. Adem\u00e1s estuvieron en la dependencia judicial el pap\u00e1 del nene, hermanos, dem\u00e1s parientes y otros testigos que aquel d\u00eda llegaron a la casa de la abuela Catalina en 9 de Julio.<\/p>\n\n\n\n<p><\/p>\n\n\n\n<figure class=\"wp-block-image size-full\"><img loading=\"lazy\" decoding=\"async\" width=\"800\" height=\"450\" src=\"https:\/\/partediario.com.ar\/wp-content\/uploads\/o_1719560152.jpg\" alt=\"\" class=\"wp-image-3542\" srcset=\"https:\/\/partediario.com.ar\/wp-content\/uploads\/o_1719560152.jpg 800w, https:\/\/partediario.com.ar\/wp-content\/uploads\/o_1719560152-300x169.jpg 300w, https:\/\/partediario.com.ar\/wp-content\/uploads\/o_1719560152-768x432.jpg 768w\" sizes=\"auto, (max-width: 800px) 100vw, 800px\" \/><figcaption class=\"wp-element-caption\"><strong>El padre y la madre de Loan en Goya<\/strong><\/figcaption><\/figure>\n\n\n\n<p><\/p>\n\n\n\n<p>Todos fueron por una declaraci\u00f3n testimonial, precisan, por el momento sin sospechas concretas sobre ellos en relaci\u00f3n a la desaparici\u00f3n de Loan. Permanecieron durante cuatro horas en la fiscal\u00eda, respondiendo las preguntas y la requisitoria de los pesquisas.<\/p>\n\n\n\n<p>Esta medida es una de las tantas que volver\u00e1n a hacerse en el marco del expediente, as\u00ed como los peritajes a los veh\u00edculos de los principales acusados, Mar\u00eda Victoria Caillava y Carlos P\u00e9rez, y varios rastrillajes.<\/p>\n\n\n\n<p>En cuando a esto \u00faltimo, pasado el mediod\u00eda de hoy la Polic\u00eda y Prefectura estuvieron trabajando en la vivienda de Loan y en la de su abuela, hasta donde trascendi\u00f3 sin resultados positivos.<\/p>\n\n\n\n<p>En la tarde noche de este jueves, mientras se produc\u00edan las nuevas declaraciones, en las calles de todo Corrientes hab\u00eda marchas pidiendo por la aparici\u00f3n del ni\u00f1o.<\/p>\n","protected":false},"excerpt":{"rendered":"<p>Familiares y asistentes al almuerzo que termin&oacute; con la desaparici&oacute;n Loan Pe&ntilde;a hace dos semanas en Corrientes, fueron trasladados a Goya para declarar en la tarde de este jueves. Con la intervenci&oacute;n de la Justicia Federal, a cargo de la investigaci&oacute;n por la desaparici&oacute;n de Loan Pe&ntilde;a (5) en Corrientes, la causa &laquo;vuelve a foja [&hellip;]<\/p>\n","protected":false},"author":2,"featured_media":3543,"comment_status":"open","ping_status":"open","sticky":false,"template":"","format":"standard","meta":{"footnotes":""},"categories":[979,5,7],"tags":[1020,697,909,489],"class_list":["post-3541","post","type-post","status-publish","format-standard","has-post-thumbnail","hentry","category-judiciales","category-nacionales","category-policiales","tag-declaracion","tag-familiares","tag-goya","tag-loan-danilo-pena"],"_links":{"self":[{"href":"https:\/\/partediario.com.ar\/index.php?rest_route=\/wp\/v2\/posts\/3541","targetHints":{"allow":["GET"]}}],"collection":[{"href":"https:\/\/partediario.com.ar\/index.php?rest_route=\/wp\/v2\/posts"}],"about":[{"href":"https:\/\/partediario.com.ar\/index.php?rest_route=\/wp\/v2\/types\/post"}],"author":[{"embeddable":true,"href":"https:\/\/partediario.com.ar\/index.php?rest_route=\/wp\/v2\/users\/2"}],"replies":[{"embeddable":true,"href":"https:\/\/partediario.com.ar\/index.php?rest_route=%2Fwp%2Fv2%2Fcomments&post=3541"}],"version-history":[{"count":1,"href":"https:\/\/partediario.com.ar\/index.php?rest_route=\/wp\/v2\/posts\/3541\/revisions"}],"predecessor-version":[{"id":3544,"href":"https:\/\/partediario.com.ar\/index.php?rest_route=\/wp\/v2\/posts\/3541\/revisions\/3544"}],"wp:featuredmedia":[{"embeddable":true,"href":"https:\/\/partediario.com.ar\/index.php?rest_route=\/wp\/v2\/media\/3543"}],"wp:attachment":[{"href":"https:\/\/partediario.com.ar\/index.php?rest_route=%2Fwp%2Fv2%2Fmedia&parent=3541"}],"wp:term":[{"taxonomy":"category","embeddable":true,"href":"https:\/\/partediario.com.ar\/index.php?rest_route=%2Fwp%2Fv2%2Fcategories&post=3541"},{"taxonomy":"post_tag","embeddable":true,"href":"https:\/\/partediario.com.ar\/index.php?rest_route=%2Fwp%2Fv2%2Ftags&post=3541"}],"curies":[{"name":"wp","href":"https:\/\/api.w.org\/{rel}","templated":true}]}}