{"id":3555,"date":"2024-06-28T09:54:29","date_gmt":"2024-06-28T12:54:29","guid":{"rendered":"https:\/\/partediario.com.ar\/?p=3555"},"modified":"2024-06-28T09:54:30","modified_gmt":"2024-06-28T12:54:30","slug":"parana-alumno-se-encerro-con-una-maestra-y-amenazo-con-lastimarla","status":"publish","type":"post","link":"https:\/\/partediario.com.ar\/?p=3555","title":{"rendered":"Paran\u00e1: alumno se encerr\u00f3 con una maestra y amenaz\u00f3 con lastimarla"},"content":{"rendered":"\n<p><strong>El alumno tiene 12 a\u00f1os y rompi\u00f3 un vidrio en una escuela de Paran\u00e1. Los padres no quisieron hacerse cargo y tuvo que intervenir el Copnaf.<\/strong><\/p>\n\n\n\n<p>El personal policial de Comisaria 12\u00b0 de Paran\u00e1 intervino este jueves cerca de las 18.00, ante el llamado de la vicedirectora, a ra\u00edz de un conflicto con un violento alumno en el Escuela Primaria N\u00b0 194 \u00abFiliberto Reula\u00bb del barrio Lomas del Mirador.<\/p>\n\n\n\n<p>Una vez en el lugar, la docente inform\u00f3 que se encontraba atrapada en el aula con el adolescente, quien amenaz\u00f3 con lastimarla. El chico se hab\u00eda peleado con otro menor y, producto de la golpiza, el menor de 12 a\u00f1os rompi\u00f3 un vidrio con el pie.<\/p>\n\n\n\n<p>El personal policial se encontr\u00f3 con el adolescente llorando y alterado, por lo cual se trat\u00f3 de comunicar con su progenitores. No obstante, sus padres manifestaron \u00abno querer hacerse cargo\u00bb, seg\u00fan informaron fuentes policiales a <strong>PARTE DIARIO<\/strong>.<\/p>\n\n\n\n<p>Ante esta situaci\u00f3n se dio intervenci\u00f3n a la Unidad Fiscal de Menores, quien dispuso que se le diera intervenci\u00f3n a la Divisi\u00f3n Minoridad, para que trasladen al menor al COPNAF.<\/p>\n\n\n\n<p>Posteriormente se recepcion\u00f3 la denuncia formal de la docente por el delito de Amenazas y Da\u00f1os.<\/p>\n","protected":false},"excerpt":{"rendered":"<p>El alumno tiene 12 a&ntilde;os y rompi&oacute; un vidrio en una escuela de Paran&aacute;. Los padres no quisieron hacerse cargo y tuvo que intervenir el Copnaf. El personal policial de Comisaria 12&deg; de Paran&aacute; intervino este jueves cerca de las 18.00, ante el llamado de la vicedirectora, a ra&iacute;z de un conflicto con un violento [&hellip;]<\/p>\n","protected":false},"author":2,"featured_media":3556,"comment_status":"open","ping_status":"open","sticky":false,"template":"","format":"standard","meta":{"footnotes":""},"categories":[6,7],"tags":[1219,1221,1220,265],"class_list":["post-3555","post","type-post","status-publish","format-standard","has-post-thumbnail","hentry","category-locales","category-policiales","tag-alumno","tag-lastimar","tag-maestra","tag-parana"],"_links":{"self":[{"href":"https:\/\/partediario.com.ar\/index.php?rest_route=\/wp\/v2\/posts\/3555","targetHints":{"allow":["GET"]}}],"collection":[{"href":"https:\/\/partediario.com.ar\/index.php?rest_route=\/wp\/v2\/posts"}],"about":[{"href":"https:\/\/partediario.com.ar\/index.php?rest_route=\/wp\/v2\/types\/post"}],"author":[{"embeddable":true,"href":"https:\/\/partediario.com.ar\/index.php?rest_route=\/wp\/v2\/users\/2"}],"replies":[{"embeddable":true,"href":"https:\/\/partediario.com.ar\/index.php?rest_route=%2Fwp%2Fv2%2Fcomments&post=3555"}],"version-history":[{"count":1,"href":"https:\/\/partediario.com.ar\/index.php?rest_route=\/wp\/v2\/posts\/3555\/revisions"}],"predecessor-version":[{"id":3557,"href":"https:\/\/partediario.com.ar\/index.php?rest_route=\/wp\/v2\/posts\/3555\/revisions\/3557"}],"wp:featuredmedia":[{"embeddable":true,"href":"https:\/\/partediario.com.ar\/index.php?rest_route=\/wp\/v2\/media\/3556"}],"wp:attachment":[{"href":"https:\/\/partediario.com.ar\/index.php?rest_route=%2Fwp%2Fv2%2Fmedia&parent=3555"}],"wp:term":[{"taxonomy":"category","embeddable":true,"href":"https:\/\/partediario.com.ar\/index.php?rest_route=%2Fwp%2Fv2%2Fcategories&post=3555"},{"taxonomy":"post_tag","embeddable":true,"href":"https:\/\/partediario.com.ar\/index.php?rest_route=%2Fwp%2Fv2%2Ftags&post=3555"}],"curies":[{"name":"wp","href":"https:\/\/api.w.org\/{rel}","templated":true}]}}