{"id":3571,"date":"2024-06-28T11:53:11","date_gmt":"2024-06-28T14:53:11","guid":{"rendered":"https:\/\/partediario.com.ar\/?p=3571"},"modified":"2024-06-28T11:53:12","modified_gmt":"2024-06-28T14:53:12","slug":"autoridades-de-la-provincia-y-del-bid-constataron-el-avance-de-la-obra-del-aeropuerto-de-concordia","status":"publish","type":"post","link":"https:\/\/partediario.com.ar\/?p=3571","title":{"rendered":"Autoridades de la provincia y del BID constataron el avance de la obra del aeropuerto de Concordia"},"content":{"rendered":"\n<p><strong>Autoridades de la UEP, de Turismo y del BID certificaron el avance de la obra de readecuaci\u00f3n del Aeropuerto Comodoro Pierrestegui, de Concordia, y anunciaron su terminaci\u00f3n para diciembre. El inter\u00e9s reuni\u00f3 a intendentes, diputados y empresarios del sector tur\u00edstico y productivo de toda la provincia.<\/strong><\/p>\n\n\n\n<p>La visita a las obras fue encabezada por el coordinador de la Unidad Ejecutora Provincia (UEP), Gustavo Cusinato; el secretario de Turismo, Jorge Satto; y el jefe de Proyectos del Banco Interamericano de Desarrollo (BID), Ignacio Stevez. Tambi\u00e9n participaron los intendentes de Concordia, Francisco Ascu\u00e8; y de Federaci\u00f3n, Ricardo Bravo, entre otros. Las autoridades constataron el avanzado grado de ejecuci\u00f3n de la obra que es de un 90 por ciento.<\/p>\n\n\n\n<p>Cusinato destac\u00f3 la convocatoria y el entusiasmo del sector privado en el aeropuerto y recalc\u00f3 el acompa\u00f1amiento de la municipalidad de Concordia y la articulaci\u00f3n con la provincia. \u00abEs una herramienta que empuja al sector privado. Una vez m\u00e1s queda demostrado que el BID comparte la visi\u00f3n del gobernador Rogelio Frigerio sobre la importancia del desarrollo tur\u00edstico y productivo de la regi\u00f3n Salto Grande. Hay una fuerte apuesta al turismo y al desarrollo que resulta estrat\u00e9gico\u00bb, subray\u00f3.<\/p>\n\n\n\n<p>El funcionario, junto al coordinador Ejecutivo de la UEP, Hern\u00e1n Marc\u00f3, reiter\u00f3 la ejecuci\u00f3n de Fondo Multisectorial que impulsa al sector emprendedor. \u00abIngresaron al Fondo Multisectorial 178 proyectos empresariales que han beneficiado al sector tur\u00edstico, citr\u00edcola, ganadero, industrial, forestal, producci\u00f3n primaria (ar\u00e1ndanos, nuez pec\u00e1n, etc). De ese total, 64 pertenecen al departamento de Concordia, 63 a Federaci\u00f3n y 51 a Col\u00f3n\u00bb, apunt\u00f3.<\/p>\n\n\n\n<p>Por su parte, el secretario de Turismo, Jorge Satto, defini\u00f3 la obra como \u00abun antes y un despu\u00e9s\u00bb. Y explic\u00f3: \u00abLa conectividad es muy trascendental. Entre R\u00edos tiene una ubicaci\u00f3n preferencial, por encontrarse cerca de los centros emisores de turismo, pero necesitamos desarrollar la aeronavegaci\u00f3n. Empezamos otro partido. Es un orgullo el trabajo en equipo y la participaci\u00f3n del sector privado\u00bb.<\/p>\n\n\n\n<p>A su turno, el ministro de Infraestructura y Servicios, Dar\u00edo Schneider, subray\u00f3 la importancia de la misi\u00f3n del BID para los entrerrianos: \u00abLa gesti\u00f3n de esta obra activar\u00e1 la conexi\u00f3n para todo el norte de la provincia, creando un v\u00ednculo con el norte productivo y el resto del pa\u00eds. Esta iniciativa potenciar\u00e1 el desarrollo tecnol\u00f3gico, fomentando la creaci\u00f3n de empleo genuino y conectando las econom\u00edas regionales a trav\u00e9s del fortalecimiento de nuestra infraestructura. Esto refuerza la direcci\u00f3n que seguimos como gesti\u00f3n de gobierno, impulsando que la provincia reciba inversiones en obras e infraestructura para el desarrollo de la poblaci\u00f3n y el aprovechamiento de la capacidad productiva de nuestra regi\u00f3n. De esta manera, nos aseguramos de que los entrerrianos no sigan perdiendo oportunidades\u00bb.<\/p>\n\n\n\n<p>En tanto, el intendente de Concordia, Francisco Azcu\u00e9, celebr\u00f3 las expectativas que genera la obra en la comunidad concordiense. \u00abSer\u00e1 trascendental para el desarrollo de Concordia\u00bb, apreci\u00f3.<\/p>\n\n\n\n<p>Acompa\u00f1aron la misi\u00f3n del BID, adem\u00e1s, el director de Coordinaci\u00f3n de Turismo, Sebasti\u00e1n Bell; el presidente de la Cafesg, Carlos Cecco, diputados y distintos representantes de municipios. Se sumaron adem\u00e1s a los talleres sobre el Fondo Multisectorial Salto Grande (FMSG) para la financiaci\u00f3n de proyectos de emprendedores y peque\u00f1os empresarios de la regi\u00f3n.<\/p>\n\n\n\n<p>Detalles<\/p>\n\n\n\n<p>El Programa de Desarrollo e Integraci\u00f3n de la Regi\u00f3n de Salto Grande fue aprobado para contribuir al aumento de la competitividad de los sectores productivos y servicios tur\u00edsticos de la Regi\u00f3n de Salto Grande.<\/p>\n\n\n\n<p>El aeropuerto, a partir de la intervenci\u00f3n que se est\u00e1 desarrollando, pasar\u00e1 a ser recategorizado a Categor\u00eda C de acuerdo a la OACI. La obra contempla la ampliaci\u00f3n de pista de 1600 mts a 2000 mts, plataforma comercial, una nueva terminal de pasajeros de 1860m2, nueva torre de control con edificio anexo de oficinas para los organismos que regulan la actividad aeroportuaria, edificio para Polic\u00eda de Seguridad Aeroportuaria, Edificio de Salvamento y Control de Incendios, campo meteorol\u00f3gico, nueva planta de combustible, parking, salas t\u00e9cnicas, control de acceso, nuevo sistema de iluminaci\u00f3n y balizamiento, redes de abastecimiento y tratamiento de efluentes.<\/p>\n\n\n\n<p>El Fondo Multisectorial fue creado para promover la competitividad empresarial de diversos sectores de la econom\u00eda regional. Act\u00faa otorgando reintegros de inversiones del 40%, 50% y hasta 60% a proyectos empresariales que quieran hacer mejoras en su l\u00ednea de producci\u00f3n, ya sea comprando nueva maquinaria, incorporando nueva tecnolog\u00eda, capacitando a sus trabajadores, adquiriendo certificaciones de calidad, etc.<\/p>\n","protected":false},"excerpt":{"rendered":"<p>Autoridades de la UEP, de Turismo y del BID certificaron el avance de la obra de readecuaci&oacute;n del Aeropuerto Comodoro Pierrestegui, de Concordia, y anunciaron su terminaci&oacute;n para diciembre. El inter&eacute;s reuni&oacute; a intendentes, diputados y empresarios del sector tur&iacute;stico y productivo de toda la provincia. La visita a las obras fue encabezada por el [&hellip;]<\/p>\n","protected":false},"author":2,"featured_media":3572,"comment_status":"open","ping_status":"open","sticky":false,"template":"","format":"standard","meta":{"footnotes":""},"categories":[8,726],"tags":[1236,1082,398,257,497,496,558,1235],"class_list":["post-3571","post","type-post","status-publish","format-standard","has-post-thumbnail","hentry","category-provinciales","category-sociedad","tag-aeropuerto","tag-bid","tag-concordia","tag-entre-rios","tag-francisco-azcue-2","tag-provincia","tag-turismo","tag-uep"],"_links":{"self":[{"href":"https:\/\/partediario.com.ar\/index.php?rest_route=\/wp\/v2\/posts\/3571","targetHints":{"allow":["GET"]}}],"collection":[{"href":"https:\/\/partediario.com.ar\/index.php?rest_route=\/wp\/v2\/posts"}],"about":[{"href":"https:\/\/partediario.com.ar\/index.php?rest_route=\/wp\/v2\/types\/post"}],"author":[{"embeddable":true,"href":"https:\/\/partediario.com.ar\/index.php?rest_route=\/wp\/v2\/users\/2"}],"replies":[{"embeddable":true,"href":"https:\/\/partediario.com.ar\/index.php?rest_route=%2Fwp%2Fv2%2Fcomments&post=3571"}],"version-history":[{"count":1,"href":"https:\/\/partediario.com.ar\/index.php?rest_route=\/wp\/v2\/posts\/3571\/revisions"}],"predecessor-version":[{"id":3573,"href":"https:\/\/partediario.com.ar\/index.php?rest_route=\/wp\/v2\/posts\/3571\/revisions\/3573"}],"wp:featuredmedia":[{"embeddable":true,"href":"https:\/\/partediario.com.ar\/index.php?rest_route=\/wp\/v2\/media\/3572"}],"wp:attachment":[{"href":"https:\/\/partediario.com.ar\/index.php?rest_route=%2Fwp%2Fv2%2Fmedia&parent=3571"}],"wp:term":[{"taxonomy":"category","embeddable":true,"href":"https:\/\/partediario.com.ar\/index.php?rest_route=%2Fwp%2Fv2%2Fcategories&post=3571"},{"taxonomy":"post_tag","embeddable":true,"href":"https:\/\/partediario.com.ar\/index.php?rest_route=%2Fwp%2Fv2%2Ftags&post=3571"}],"curies":[{"name":"wp","href":"https:\/\/api.w.org\/{rel}","templated":true}]}}