{"id":3586,"date":"2024-06-28T14:15:41","date_gmt":"2024-06-28T17:15:41","guid":{"rendered":"https:\/\/partediario.com.ar\/?p=3586"},"modified":"2024-06-28T22:02:00","modified_gmt":"2024-06-29T01:02:00","slug":"cuales-son-cinco-votos-afirmativos-que-aporto-entre-rios-para-que-salga-la-ley-bases-en-diputados","status":"publish","type":"post","link":"https:\/\/partediario.com.ar\/?p=3586","title":{"rendered":"Los cinco votos afirmativos que aport\u00f3 Entre R\u00edos para que salga la Ley Bases en Diputados"},"content":{"rendered":"\n<p><strong>Son tres radicales, uno del PRO y uno libertario, de este modo sumaron para que el Gobierno de Javier Milei logre la mega ley que declara cuatro emergencias, dispone privatizaciones, crea el RIGI e introduce una reforma laboral, entre otros puntos. Los cuatro justicialistas votaron en contra.<\/strong><\/p>\n\n\n\n<p>Finalmente, y luego de 13 horas e intensos y acalorados debates en el Congreso, el gobierno de Javier Milei logr\u00f3 su primer triunfo legislativo y se alz\u00f3 con la sanci\u00f3n definitiva de la Ley de Bases y Puntos de Partida para la Libertad de los Argentinos, seg\u00fan se\u00f1alan desde el gobierno Nacional.<\/p>\n\n\n\n<p>Tras un debate de 13 horas, la votaci\u00f3n en la C\u00e1mara de Diputados result\u00f3 con 147 votos a favor, 107 en contra y 2 abstenciones.<\/p>\n\n\n\n<p>Entre R\u00edos aport\u00f3 cinco votos para la aprobaci\u00f3n de la norma: tres radicales (Atilio Benedetti, Pedro Galimberti y Marcela \u00c1ntola), uno del PRO (Francisco Morchio) y el libertario Beltr\u00e1n Benedit.<\/p>\n\n\n\n<p>Mientras que como ven\u00edan se\u00f1alando, los cuatros justicialistas votaron en contra y fueron muy cr\u00edticos de la pol\u00e9mica iniciativa: Gustavo Bordet, Carolina Gaillard, Blanca Osuna y Tom\u00e1s Ledesma, aportaron el voto negativo.<\/p>\n","protected":false},"excerpt":{"rendered":"<p>Son tres radicales, uno del PRO y uno libertario, de este modo sumaron para que el Gobierno de Javier Milei logre la mega ley que declara cuatro emergencias, dispone privatizaciones, crea el RIGI e introduce una reforma laboral, entre otros puntos. Los cuatro justicialistas votaron en contra. Finalmente, y luego de 13 horas e intensos [&hellip;]<\/p>\n","protected":false},"author":2,"featured_media":3587,"comment_status":"open","ping_status":"open","sticky":false,"template":"","format":"standard","meta":{"footnotes":""},"categories":[176,8],"tags":[1249,1248,223,1118],"class_list":["post-3586","post","type-post","status-publish","format-standard","has-post-thumbnail","hentry","category-politica","category-provinciales","tag-entrerrianos","tag-legisladores","tag-ley-bases","tag-votos"],"_links":{"self":[{"href":"https:\/\/partediario.com.ar\/index.php?rest_route=\/wp\/v2\/posts\/3586","targetHints":{"allow":["GET"]}}],"collection":[{"href":"https:\/\/partediario.com.ar\/index.php?rest_route=\/wp\/v2\/posts"}],"about":[{"href":"https:\/\/partediario.com.ar\/index.php?rest_route=\/wp\/v2\/types\/post"}],"author":[{"embeddable":true,"href":"https:\/\/partediario.com.ar\/index.php?rest_route=\/wp\/v2\/users\/2"}],"replies":[{"embeddable":true,"href":"https:\/\/partediario.com.ar\/index.php?rest_route=%2Fwp%2Fv2%2Fcomments&post=3586"}],"version-history":[{"count":2,"href":"https:\/\/partediario.com.ar\/index.php?rest_route=\/wp\/v2\/posts\/3586\/revisions"}],"predecessor-version":[{"id":3603,"href":"https:\/\/partediario.com.ar\/index.php?rest_route=\/wp\/v2\/posts\/3586\/revisions\/3603"}],"wp:featuredmedia":[{"embeddable":true,"href":"https:\/\/partediario.com.ar\/index.php?rest_route=\/wp\/v2\/media\/3587"}],"wp:attachment":[{"href":"https:\/\/partediario.com.ar\/index.php?rest_route=%2Fwp%2Fv2%2Fmedia&parent=3586"}],"wp:term":[{"taxonomy":"category","embeddable":true,"href":"https:\/\/partediario.com.ar\/index.php?rest_route=%2Fwp%2Fv2%2Fcategories&post=3586"},{"taxonomy":"post_tag","embeddable":true,"href":"https:\/\/partediario.com.ar\/index.php?rest_route=%2Fwp%2Fv2%2Ftags&post=3586"}],"curies":[{"name":"wp","href":"https:\/\/api.w.org\/{rel}","templated":true}]}}